{"id":150191,"date":"2025-10-01T07:36:06","date_gmt":"2025-10-01T07:36:06","guid":{"rendered":"https:\/\/www.europesays.com\/es\/150191\/"},"modified":"2025-10-01T07:36:06","modified_gmt":"2025-10-01T07:36:06","slug":"fallece-mons-jose-antonio-alvarez-sanchez-obispo-auxiliar-de-madrid","status":"publish","type":"post","link":"https:\/\/www.europesays.com\/es\/150191\/","title":{"rendered":"Fallece Mons. Jos\u00e9 Antonio \u00c1lvarez S\u00e1nchez, obispo auxiliar de Madrid"},"content":{"rendered":"<p><img loading=\"lazy\" width=\"702\" height=\"526\" src=\"https:\/\/www.europesays.com\/es\/wp-content\/uploads\/2025\/10\/JAAlvarezS-702x526.jpg\" class=\"singular-image entry-image\" alt=\"\" itemprop=\"image\" decoding=\"async\"  \/><\/p>\n<p><a href=\"https:\/\/www.conferenciaepiscopal.es\/obispos\/jose-antonio-alvarez\/\" data-type=\"link\" data-id=\"https:\/\/www.conferenciaepiscopal.es\/obispos\/jose-antonio-alvarez\/\" rel=\"nofollow noopener\" target=\"_blank\">Mons. <strong>Jos\u00e9 Antonio \u00c1lvarez S\u00e1nchez<\/strong><\/a>, obispo auxiliar de Madrid, ha fallecido esta madrugada a causa de un infarto, a los 50 a\u00f1os de edad.<\/p>\n<p>El cuerpo de <strong>Mons. Jos\u00e9 Antonio \u00c1lvarez <\/strong>ser\u00e1 trasladado a la\u00a0<strong>cripta de la Catedral de Santa Mar\u00eda la Real de la Almudena<\/strong>, donde quedar\u00e1 expuesto a lo largo de la ma\u00f1ana de hoy para que quienes lo deseen\u00a0puedan acercarse a orar por su eterno descanso.\u00a0<strong>A las 19:00 horas se celebrar\u00e1 la Eucarist\u00eda en la catedral<\/strong>.\u00a0<\/p>\n<p>La archidi\u00f3cesis de Madrid pide \u00aba toda la comunidad diocesana y eclesial que, unidos en la esperanza que no defrauda, se eleven plegarias por su eterno descanso\u00bb.<\/p>\n<p>Biograf\u00eda de Mons. Jos\u00e9 Antonio \u00c1lvarez<\/p>\n<p><strong>Jos\u00e9 Antonio \u00c1lvarez S\u00e1nchez<\/strong>\u00a0<strong>naci\u00f3 en Madrid el 3 de agosto de 1975<\/strong>. Era Bachiller en Teolog\u00eda por la Universidad Eclesi\u00e1stica San D\u00e1maso de Madrid (1998). Fue\u00a0<strong>ordenado sacerdote el 18 de junio de 2000.\u00a0<\/strong>M\u00e1ster en Discernimiento Vocacional y Acompa\u00f1amiento Espiritual por el centro de Espiritualidad S. Ignacio de la\u00a0<a href=\"https:\/\/www.comillas.edu\/\" target=\"_blank\" rel=\"noreferrer noopener nofollow\">Universidad Pontificia de Comillas<\/a>\u00a0(2008-2011). En esta misma Universidad cursa la Licenciatura en Espiritualidad.<\/p>\n<p><strong>Obispo auxiliar de Madrid desde 2024<\/strong><\/p>\n<p><strong>Su ministerio sacerdotal lo desarroll\u00f3 en la <a href=\"https:\/\/www.archimadrid.org\/index.php\" target=\"_blank\" data-type=\"link\" data-id=\"https:\/\/www.archimadrid.org\/index.php\" rel=\"noreferrer noopener nofollow\">di\u00f3cesis de Madrid<\/a> donde ocup\u00f3 los siguientes cargos<\/strong>: vicario parroquial de Nuestra Se\u00f1ora de la Fuensanta (1999-2001); capell\u00e1n universitario en la Escuela Superior de Arquitectura de la Universidad Polit\u00e9cnica de Madrid (2000-2002); formador del seminario menor y profesor del colegio arzobispal (2001-2005); capell\u00e1n de las Hermanas Oblatas de Cristo sacerdote (2003-2008); secretario personal de Mons. C\u00e9sar A. Franco Mart\u00ednez como obispo auxiliar de Madrid (2005-2014); y formador en el seminario mayor de Madrid (2008-2015).<\/p>\n<p>En el momento de su nombramiento, era director espiritual en el Movimiento Cursillos de Cristiandad desde 2003 y\u00a0<strong>rector del seminario mayor de Madrid desde 2015<\/strong>.<\/p>\n<p><strong>El papa Francisco<\/strong>\u00a0nombr\u00f3 a<strong>\u00a0Jos\u00e9 Antonio \u00c1lvarez S\u00e1nchez obispo auxiliar de Madrid el 23 de abril de 2024\u00a0<\/strong>y\u00a0<strong>recibi\u00f3 la consagraci\u00f3n episcopal el 6 de julio de 2024.<\/strong><\/p>\n<p>En la Conferencia Episcopal Espa\u00f1ola era miembro de la\u00a0<a href=\"https:\/\/www.conferenciaepiscopal.es\/comisiones\/laicos-familia-y-vida\/\" rel=\"nofollow noopener\" target=\"_blank\">Comisi\u00f3n Episcopal para los Laicos, Familia y Vida<\/a>\u00a0desde julio de 2024.<\/p>\n<p>01\/10\/2025<\/p>\n<p>Tambi\u00e9n te puede interesar:<\/p>\n","protected":false},"excerpt":{"rendered":"Mons. Jos\u00e9 Antonio \u00c1lvarez S\u00e1nchez, obispo auxiliar de Madrid, ha fallecido esta madrugada a causa de un infarto,&hellip;\n","protected":false},"author":2,"featured_media":150192,"comment_status":"","ping_status":"","sticky":false,"template":"","format":"standard","meta":{"footnotes":""},"categories":[8],"tags":[17,18,25,24,13,14,11,19,20,9,10,15,16,23,12,21,22],"class_list":{"0":"post-150191","1":"post","2":"type-post","3":"status-publish","4":"format-standard","5":"has-post-thumbnail","7":"category-espana","8":"tag-breaking-news","9":"tag-breakingnews","10":"tag-es","11":"tag-espana","12":"tag-featured-news","13":"tag-featurednews","14":"tag-headlines","15":"tag-latest-news","16":"tag-latestnews","17":"tag-news","18":"tag-noticias","19":"tag-noticias-destacadas","20":"tag-noticiasdestacadas","21":"tag-spain","22":"tag-titulares","23":"tag-ultimas-noticias","24":"tag-ultimasnoticias"},"share_on_mastodon":{"url":"","error":""},"_links":{"self":[{"href":"https:\/\/www.europesays.com\/es\/wp-json\/wp\/v2\/posts\/150191","targetHints":{"allow":["GET"]}}],"collection":[{"href":"https:\/\/www.europesays.com\/es\/wp-json\/wp\/v2\/posts"}],"about":[{"href":"https:\/\/www.europesays.com\/es\/wp-json\/wp\/v2\/types\/post"}],"author":[{"embeddable":true,"href":"https:\/\/www.europesays.com\/es\/wp-json\/wp\/v2\/users\/2"}],"replies":[{"embeddable":true,"href":"https:\/\/www.europesays.com\/es\/wp-json\/wp\/v2\/comments?post=150191"}],"version-history":[{"count":0,"href":"https:\/\/www.europesays.com\/es\/wp-json\/wp\/v2\/posts\/150191\/revisions"}],"wp:featuredmedia":[{"embeddable":true,"href":"https:\/\/www.europesays.com\/es\/wp-json\/wp\/v2\/media\/150192"}],"wp:attachment":[{"href":"https:\/\/www.europesays.com\/es\/wp-json\/wp\/v2\/media?parent=150191"}],"wp:term":[{"taxonomy":"category","embeddable":true,"href":"https:\/\/www.europesays.com\/es\/wp-json\/wp\/v2\/categories?post=150191"},{"taxonomy":"post_tag","embeddable":true,"href":"https:\/\/www.europesays.com\/es\/wp-json\/wp\/v2\/tags?post=150191"}],"curies":[{"name":"wp","href":"https:\/\/api.w.org\/{rel}","templated":true}]}}