{"id":150193,"date":"2025-10-01T07:37:08","date_gmt":"2025-10-01T07:37:08","guid":{"rendered":"https:\/\/www.europesays.com\/es\/150193\/"},"modified":"2025-10-01T07:37:08","modified_gmt":"2025-10-01T07:37:08","slug":"feria-de-san-andres-2025","status":"publish","type":"post","link":"https:\/\/www.europesays.com\/es\/150193\/","title":{"rendered":"Feria de San Andr\u00e9s 2025"},"content":{"rendered":"<p>La feria est\u00e1 organizada este a\u00f1o por<strong> la Asociaci\u00f3n de Feriantes \u2018La Ilicitana\u2019<\/strong> y contar\u00e1 con un total de <strong>23 atracciones infantiles<\/strong> y 13 dirigidas al p\u00fablico adulto.<\/p>\n<p>El horario de apertura ser\u00e1 <strong>viernes y s\u00e1bado de 17.00 a 00.00 horas<\/strong>, los<strong> domingos de 12.00 a 14.00 y de 17.00 a 23.00 horas<\/strong> y los d\u00edas<strong> festivos de 12.00 a 14.00 y de 17.00 a 00.00<\/strong>. Por su parte, el 9 de octubre, <strong>D\u00eda de la Comunidad de Valenciana<\/strong>, el horario ser\u00e1 <strong>de 12.00 a 14.00 y de 17.00 a 23.00 horas<\/strong>.<\/p>\n","protected":false},"excerpt":{"rendered":"La feria est\u00e1 organizada este a\u00f1o por la Asociaci\u00f3n de Feriantes \u2018La Ilicitana\u2019 y contar\u00e1 con un total&hellip;\n","protected":false},"author":2,"featured_media":150194,"comment_status":"","ping_status":"","sticky":false,"template":"","format":"standard","meta":{"footnotes":""},"categories":[5],"tags":[17,18,25,24,13,14,11,19,20,9,10,15,16,23,12,21,22],"class_list":{"0":"post-150193","1":"post","2":"type-post","3":"status-publish","4":"format-standard","5":"has-post-thumbnail","7":"category-titulares","8":"tag-breaking-news","9":"tag-breakingnews","10":"tag-es","11":"tag-espana","12":"tag-featured-news","13":"tag-featurednews","14":"tag-headlines","15":"tag-latest-news","16":"tag-latestnews","17":"tag-news","18":"tag-noticias","19":"tag-noticias-destacadas","20":"tag-noticiasdestacadas","21":"tag-spain","22":"tag-titulares","23":"tag-ultimas-noticias","24":"tag-ultimasnoticias"},"share_on_mastodon":{"url":"","error":""},"_links":{"self":[{"href":"https:\/\/www.europesays.com\/es\/wp-json\/wp\/v2\/posts\/150193","targetHints":{"allow":["GET"]}}],"collection":[{"href":"https:\/\/www.europesays.com\/es\/wp-json\/wp\/v2\/posts"}],"about":[{"href":"https:\/\/www.europesays.com\/es\/wp-json\/wp\/v2\/types\/post"}],"author":[{"embeddable":true,"href":"https:\/\/www.europesays.com\/es\/wp-json\/wp\/v2\/users\/2"}],"replies":[{"embeddable":true,"href":"https:\/\/www.europesays.com\/es\/wp-json\/wp\/v2\/comments?post=150193"}],"version-history":[{"count":0,"href":"https:\/\/www.europesays.com\/es\/wp-json\/wp\/v2\/posts\/150193\/revisions"}],"wp:featuredmedia":[{"embeddable":true,"href":"https:\/\/www.europesays.com\/es\/wp-json\/wp\/v2\/media\/150194"}],"wp:attachment":[{"href":"https:\/\/www.europesays.com\/es\/wp-json\/wp\/v2\/media?parent=150193"}],"wp:term":[{"taxonomy":"category","embeddable":true,"href":"https:\/\/www.europesays.com\/es\/wp-json\/wp\/v2\/categories?post=150193"},{"taxonomy":"post_tag","embeddable":true,"href":"https:\/\/www.europesays.com\/es\/wp-json\/wp\/v2\/tags?post=150193"}],"curies":[{"name":"wp","href":"https:\/\/api.w.org\/{rel}","templated":true}]}}