{"id":150195,"date":"2025-10-01T07:40:07","date_gmt":"2025-10-01T07:40:07","guid":{"rendered":"https:\/\/www.europesays.com\/es\/150195\/"},"modified":"2025-10-01T07:40:07","modified_gmt":"2025-10-01T07:40:07","slug":"jiri-prochazka-y-khalil-rountree-protagonistas-del-bautizado-main-event-del-pueblo-en-el-ufc-320","status":"publish","type":"post","link":"https:\/\/www.europesays.com\/es\/150195\/","title":{"rendered":"Ji\u0159\u00ed Proch\u00e1zka y Khalil Rountree, protagonistas del bautizado &#8216;main event del pueblo&#8217; en el UFC 320"},"content":{"rendered":"<p data-gtm-element-container=\"modulo-texto-link\" class=\"paragraph\">Preocupada estaba la UFC despu\u00e9s de la marcha de Jon Jones del peso semipesado. El conglomerado de Dana White t<strong>em\u00eda no tener una herencia de competidores fiable<\/strong> para mantener la expectaci\u00f3n que las 205 hab\u00edan generado, casi de manera hist\u00f3rica, durante los a\u00f1os de actividad de la empresa en los deportes de contacto. Sin embargo, la seguridad ahora ba\u00f1a el temple del magnate con dos batallas escalofriantes este mismo fin de semana: <strong>el t\u00edtulo de la divisi\u00f3n estar\u00e1 en juego, y una batalla entre aut\u00e9nticos gladiadores completar\u00e1 una main card de ensue\u00f1o.<\/strong><\/p>\n<p data-gtm-element-container=\"modulo-texto-link\" class=\"paragraph\"><strong>Ji\u0159\u00ed Proch\u00e1zka (31-5-1, 27 KO) y Khalil Rountree J\u00fanior (14-6, 9 KO)<\/strong> colisionar\u00e1n en el oct\u00e1gono del T-Mobile Arena en el antepen\u00faltimo combate del cartel principal. Un combate con sabor a evento estelar que puede determinar el pr\u00f3ximo retador al t\u00edtulo del peso semipesado, que pondr\u00e1 en juego<strong> Magomed Ankalaev ante Alex Pereira<\/strong> esa misma noche. El monarca ya sabr\u00e1 su pr\u00f3ximo rival, sin tan siquiera haber vencido sobre el tapiz.<\/p>\n<p data-gtm-element-container=\"modulo-texto-link\" class=\"paragraph\">Ambos competidores aterrizan en el oct\u00e1gono en situaciones parecidas en su carrera deportiva.\u00a0<strong>Ji\u0159\u00ed Proch\u00e1zka<\/strong>, que ya fue campe\u00f3n, tuvo que pausar su carrera deportiva tras sufrir<strong> &#8216;la peor lesi\u00f3n jam\u00e1s vista en la UFC&#8217;<\/strong>, tal y como la bautiz\u00f3 el propio Dana White y el equipo de m\u00e9dicos de la compa\u00f1\u00eda de artes marciales mixtas l\u00edder en el mundo. El checo quiso volver a recolocar su hombro y, en el intento, da\u00f1\u00f3 sus tejidos y dijo adi\u00f3s a la actividad y a su t\u00edtulo del peso semipesado.<\/p>\n<p data-gtm-element-container=\"modulo-texto-link\" class=\"paragraph\">El ex campe\u00f3n de peso semipesado<strong> regres\u00f3 un a\u00f1o despu\u00e9s<\/strong>, para caer ante Alex Pereira en una pelea por el t\u00edtulo, en el segundo asalto del pleito. Venci\u00f3 a<strong>\u00a0Aleksandar Raki\u0107 <\/strong>en el UFC 300, y salt\u00f3 en corto aviso dos meses despu\u00e9s para cubrir la baja de McGregor y Chandler en el evento n\u00famero 303 de la compa\u00f1\u00eda. Proch\u00e1zka, tras asimilar una patada a la cabeza mortal, <strong>volvi\u00f3 a caer ante Poatan en el evento principal<\/strong>, y sus aspiraciones por el t\u00edtulo se esfumaban as\u00ed por completo.<\/p>\n<p data-gtm-element-container=\"modulo-texto-link\" class=\"paragraph\">La carrera deportiva del checo, sin embargo, tuvo un importante punto de inflexi\u00f3n.<strong>\u00a0Ji\u0159\u00ed Proch\u00e1zka espant\u00f3 a los fantasmas de su segunda derrota ante Pereira <\/strong>y, en enero de este mismo a\u00f1o, enfrent\u00f3 a <strong>Jamahal Hill <\/strong>para demostrar al mundo que todav\u00eda ten\u00eda madera de contendiente de gran calibre. El checo hizo reajustes en su propuesta, y domin\u00f3 al ex monarca para finalizar la contienda con un knockout t\u00e9cnico sobre el americano, y as\u00ed situar sus aspiraciones en el segundo puesto del ranking de las 205 libras. BJP vio expectante el cambio de testigo entre Poatan y Ankalaev y, consciente de que necesitaba actividad para reclamar una nueva oportunidad, decidi\u00f3 regresar en octubre.<\/p>\n<p data-gtm-element-container=\"modulo-texto-link\" class=\"paragraph\">Khalil Rountree J\u00fanior<strong> siempre ha sido el &#8216;tapado&#8217; de la divisi\u00f3n del peso semipesado. <\/strong>El americano sufri\u00f3 una sanci\u00f3n por dopaje en el a\u00f1o 2024, mientras aportaba test de cara a su pelea ante Jamahal Hill para aquel mes de junio. Para sorpresa de muchos, su primer reto despu\u00e9s de su castigo fue<strong> competir ante Alex Pereira desde el noveno puesto de la clasificaci\u00f3n de las 205 libras, por el cintur\u00f3n de la categor\u00eda. <\/strong>El americano cay\u00f3, en el cuarto asalto, ante un Poatan con una gripe mortal, a quien el estadounidense ya hab\u00eda sabido sacar las costuras y poner en peligro sobre el oct\u00e1gono.<\/p>\n<p data-gtm-element-container=\"modulo-texto-link\" class=\"paragraph\">El aspirante sab\u00eda que el mundo de las artes marciales mixtas no tomaba su propuesta en serio, y decidi\u00f3 solucionar asuntos del pasado. <strong>Rountree firm\u00f3 para pelear ante Jamahal Hill en junio de 2025<\/strong>, en un Fight Night que encabez\u00f3 ante el ex monarca de las 205 libras. Con una actuaci\u00f3n que dej\u00f3 sin respuesta a su oponente, <strong>The War Horse logr\u00f3 un triunfo que catapult\u00f3 sus aspiraciones dentro de la categor\u00eda<\/strong> y que espant\u00f3 toda cr\u00edtica despu\u00e9s de su fat\u00eddica derrota ante Poatan, en el a\u00f1o anterior.<\/p>\n<p>Viejos conocidos para Alex Pereira, nuevas caras para Magomed Ankalaev<\/p>\n<p data-gtm-element-container=\"modulo-texto-link\" class=\"paragraph\">Tanto\u00a0<strong>Ji\u0159\u00ed Proch\u00e1zka como Khalil Rountree J\u00fanior<\/strong> <strong>han sido noqueados por Alex Pereira. <\/strong>El brasile\u00f1o domin\u00f3 a ambos competidores en cada una de sus ocasiones en el oct\u00e1gono y, si vence el pr\u00f3ximo s\u00e1bado, ser\u00e1 ya consciente de que <strong>dos de los tres principales candidatos a ser nuevos retadores al t\u00edtulo son viejos enemigos <\/strong>dentro del oct\u00e1gono. Patrones que repetir, ante competidores con estilos bien definidos.<\/p>\n<p data-gtm-element-container=\"modulo-texto-link\" class=\"paragraph\">Magomed Ankalaev, sin embargo,<strong> tendr\u00e1 delante a tres nuevos rivales, pase lo que pase. <\/strong>Ni Rountree, ni Proch\u00e1zka, ni Ulberg han competido ante la bestia de Majachkal\u00e1, que no querr\u00e1 sorpresas el s\u00e1bado ante Alex Pereira.<\/p>\n<p>    Lee tambi\u00e9n<\/p>\n<p data-gtm-element-container=\"modulo-texto-link\" class=\"paragraph\">La pelea entre el ex campe\u00f3n checo y Khalil Rountree J\u00fanior anticipa ser una absoluta guerra dentro del oct\u00e1gono. Strikers reputados, <strong>su \u00fanica v\u00eda para vencer en el oct\u00e1gono es formar una aut\u00e9ntica guerra de trincheras<\/strong>, donde vencer\u00e1 aquel cuya mand\u00edbula soporte m\u00e1s castigo. El pr\u00f3ximo retador al t\u00edtulo del peso semipesado del <strong>Ultimate Fighting Championship<\/strong> ser\u00e1, en resumidas cuentas, un absoluto gladiador del oct\u00e1gono.<\/p>\n","protected":false},"excerpt":{"rendered":"Preocupada estaba la UFC despu\u00e9s de la marcha de Jon Jones del peso semipesado. El conglomerado de Dana&hellip;\n","protected":false},"author":2,"featured_media":150196,"comment_status":"","ping_status":"","sticky":false,"template":"","format":"standard","meta":{"footnotes":""},"categories":[276],"tags":[168,25,24,23,167,343],"class_list":{"0":"post-150195","1":"post","2":"type-post","3":"status-publish","4":"format-standard","5":"has-post-thumbnail","7":"category-ufc","8":"tag-deportes","9":"tag-es","10":"tag-espana","11":"tag-spain","12":"tag-sports","13":"tag-ufc"},"share_on_mastodon":{"url":"","error":""},"_links":{"self":[{"href":"https:\/\/www.europesays.com\/es\/wp-json\/wp\/v2\/posts\/150195","targetHints":{"allow":["GET"]}}],"collection":[{"href":"https:\/\/www.europesays.com\/es\/wp-json\/wp\/v2\/posts"}],"about":[{"href":"https:\/\/www.europesays.com\/es\/wp-json\/wp\/v2\/types\/post"}],"author":[{"embeddable":true,"href":"https:\/\/www.europesays.com\/es\/wp-json\/wp\/v2\/users\/2"}],"replies":[{"embeddable":true,"href":"https:\/\/www.europesays.com\/es\/wp-json\/wp\/v2\/comments?post=150195"}],"version-history":[{"count":0,"href":"https:\/\/www.europesays.com\/es\/wp-json\/wp\/v2\/posts\/150195\/revisions"}],"wp:featuredmedia":[{"embeddable":true,"href":"https:\/\/www.europesays.com\/es\/wp-json\/wp\/v2\/media\/150196"}],"wp:attachment":[{"href":"https:\/\/www.europesays.com\/es\/wp-json\/wp\/v2\/media?parent=150195"}],"wp:term":[{"taxonomy":"category","embeddable":true,"href":"https:\/\/www.europesays.com\/es\/wp-json\/wp\/v2\/categories?post=150195"},{"taxonomy":"post_tag","embeddable":true,"href":"https:\/\/www.europesays.com\/es\/wp-json\/wp\/v2\/tags?post=150195"}],"curies":[{"name":"wp","href":"https:\/\/api.w.org\/{rel}","templated":true}]}}