{"id":150197,"date":"2025-10-01T07:42:07","date_gmt":"2025-10-01T07:42:07","guid":{"rendered":"https:\/\/www.europesays.com\/es\/150197\/"},"modified":"2025-10-01T07:42:07","modified_gmt":"2025-10-01T07:42:07","slug":"asi-queda-el-ranking-atp-y-la-lucha-por-el-numero-uno-alcaraz-gana-en-tokio-pero-sinner-le-puede-recortar-pu-la-razon-2","status":"publish","type":"post","link":"https:\/\/www.europesays.com\/es\/150197\/","title":{"rendered":"As\u00ed queda el ranking ATP y la lucha por el n\u00famero uno: Alcaraz gana en Tokio, pero Sinner le puede recortar pu &#8211; La Raz\u00f3n"},"content":{"rendered":"<ol>\n<li><a href=\"https:\/\/news.google.com\/rss\/articles\/CBMi-wFBVV95cUxNT1JybC1CSWZiYnFHZ3pjdlFxTXFRUmlOWkM0RE5YYkFMejlTSjBqdmpJMDlScXp0ZnRKejRNUi1jOUliUjhFZldNUGduTDJSb0JZTkc0TERyTDN4TGgzYTdkQTItNVA3MlVPa09VZzd2cmc1Y3Z1cl9pVE9nSWlUYllhWmU4bHE5bXB3QXp4NTk5TUl0N0JJMFRqMXo4OVBUNHpKNnlEVndKSTZsTzVZTjA3cVJtalp2UFdERTdXc01mdU8tZHlQUXlHVHBjMDkza0xtWWlkNThVclV0X2daMWVHaElrY2trTXpEQmFPcmZkeE5GMU9mN09icw?oc=5\" target=\"_blank\" rel=\"nofollow noopener\">As\u00ed queda el ranking ATP y la lucha por el n\u00famero uno: Alcaraz gana en Tokio, pero Sinner le puede recortar pu<\/a>&nbsp;&nbsp;La Raz\u00f3n<\/li>\n<li><a href=\"https:\/\/news.google.com\/rss\/articles\/CBMiwAFBVV95cUxPTnU5RV83b21vaUxVWjVfT0ZWZ2dRQktWSjl1WTNPS2FmcWpfbTBzR3E0cUlZOFRHTHg5dkYxTm9RT2k4QUJmMFlWVXpSVFNyeHFJckt3aFRLU2oxek0tVzhNSGxDVlY5SjZ1MnFGYXRrTlRjZWxCdXlXSDVnaXh4NlByZE1xNU90X0U1WFBXOHA1Zk1NaFZ4WVJWT0FhSThGNmNjN0RFT3FTbVJuQjBBOUVfd1RGOGtHNi1CY1BCb0w?oc=5\" target=\"_blank\" rel=\"nofollow noopener\">Torneo de Tokio 2025: Alcaraz, dos meses por delante y un reto de m\u00e1ximos: disparar sus registros | Tenis | Deportes<\/a>&nbsp;&nbsp;EL PA\u00cdS<\/li>\n<li><a href=\"https:\/\/news.google.com\/rss\/articles\/CBMivAFBVV95cUxNMl9xdUctY08xd2h0eHM0eGNycjU4N3FMbkNtbm92c0VXQ29vS1dxd3llZkVsMEsxcVBGcmxCTXNiVDhGMDBYcHZBM0JRWWZ2YUxjMkk4Tjd2OVdiMFo0dm1maTI4WFlDankyU2xoZXhUQnR1Z2JFVUZmNGlQM2d4YkNrMlNkTDA3aXpJU3ZfaEpPTmJibnpKN01uVXVMS092SkdUSFRWTURlVE9jZzRzdzl4Znh3YXB2dzBnNNIBwgFBVV95cUxNWExmb3Z5elk2Z2lZVFNkZWZTYWdCXzdRci1vRWNIcDQwMlFiZmE1SzY5SGlmbXc4QUprNG9xYk9RNXBwWDl5WW5jVGplaFZZRU5yOXI0b3RWbDZIZ0pqZnFoM0xrdm9vdjc0WmNuQWlLMUpRMnV6UHFldFhXcFRBRmJoejMxVUxJYms3TTFDaUNJXzE5N0RPUm4waHVJU2FaNC0yNlk2eDBUSU5qcExjRnVTeS03N1FWT3htZF9jM0JRdw?oc=5\" target=\"_blank\" rel=\"nofollow noopener\">As\u00ed queda el ranking ATP tras la victoria de Alcaraz en la final de ATP Tokio<\/a>&nbsp;&nbsp;El Confidencial<\/li>\n<li><a href=\"https:\/\/news.google.com\/rss\/articles\/CBMidkFVX3lxTE9aMzNnanJjYWp2NlVEWE5tSS1UM2NCVDEzV3duRldKRXZtRkVWU3Z4aEJzbERYVGZFTnRBQzFDM29sbmNUWWZKSzZqU1VhZXhJcVBRbjc1bWxKNzBZMGxTd1BIeWxnMmxDU3dHcGhka1NDZVJZZnfSAYoBQVVfeXFMTVloTEYzUlRZZDRZTXFaT0dLZmRlVjZYSDc3YkdGUmdSc1QwdF96QXJncUpxTVByTEhTdDFJVWEzLVhlZGJmaExkXzNtNmNYS2FTakR5bHhmOWFHN2ZKaklrcXBSMktMcmZNYm9zTnpCdmFFbk9QOS1HSmZUei1JZjktNEFvd0p3VkZR?oc=5\" target=\"_blank\" rel=\"nofollow noopener\">Alcaraz-Sinner, el pulso sigue a distancia<\/a>&nbsp;&nbsp;Diario AS<\/li>\n<li><a href=\"https:\/\/news.google.com\/rss\/articles\/CBMi6gFBVV95cUxPYzFTRGRpRUJtOTFPeEZmejVwQkZtNGtreHlFcGNmbV8zTnZvaWI1d2FINmpvUG0xQ3BNUW9mMzZ4MEl6czVEUS1TY3NtV0dSaUI1QVh3MGxLTjNieERDMmk2bDhBODRGaWhIQy1EX1d0UHg1ZGt6MXZYdTZKby1raUdQSlM5MzVVaGs3TmRhaV9Hbm1FRTdTTDlndC1tSEl3cUotQWMwMzNEWEVxZThPR3psT3RjWnNaYzFMOHZ3NHd1LV9peHMtd2FrQmllWllUZjFEQXFNZjE0cVRHUFU1N01HRTZLanFDdFHSAeoBQVVfeXFMUHRVQkhnVldmTTNrY2lzeFJNTmFDS0tyQm1oZE8yVXBJaFllajNta1Z0ZnNBeVE5TXlDTm5qQ3V4WHdUNXpma2t2UkdqTm5BbWpDLWtvYXVQR0h6dWdyS3VJOUFOdUZRUnAxOFFSWlVnS2lmUUx4TjNtWEZTZ0tMR0xqWHV0Q3BsZjV3alRobWRJRTA1V1E1TWt6WkRhZnpuSkgzck5hbFVLZUFLOTlKbjVmSURsLXJ3MmJsMkhNMnkxMlpWUkJxXzJfaVVjVTVYaHhXQzctTk14QlZORzBZNDBDYzZxRl96QXV3?oc=5\" target=\"_blank\" rel=\"nofollow noopener\">Carlos Alcaraz vs Jannik Sinner: as\u00ed est\u00e1n las cuentas para terminar el a\u00f1o en el n\u00famero 1<\/a>&nbsp;&nbsp;Antena 3<\/li>\n<\/ol>\n","protected":false},"excerpt":{"rendered":"As\u00ed queda el ranking ATP y la lucha por el n\u00famero uno: Alcaraz gana en Tokio, pero Sinner&hellip;\n","protected":false},"author":2,"featured_media":149530,"comment_status":"","ping_status":"","sticky":false,"template":"","format":"standard","meta":{"footnotes":""},"categories":[274],"tags":[168,25,24,23,167,327,326],"class_list":{"0":"post-150197","1":"post","2":"type-post","3":"status-publish","4":"format-standard","5":"has-post-thumbnail","7":"category-tenis","8":"tag-deportes","9":"tag-es","10":"tag-espana","11":"tag-spain","12":"tag-sports","13":"tag-tenis","14":"tag-tennis"},"share_on_mastodon":{"url":"","error":""},"_links":{"self":[{"href":"https:\/\/www.europesays.com\/es\/wp-json\/wp\/v2\/posts\/150197","targetHints":{"allow":["GET"]}}],"collection":[{"href":"https:\/\/www.europesays.com\/es\/wp-json\/wp\/v2\/posts"}],"about":[{"href":"https:\/\/www.europesays.com\/es\/wp-json\/wp\/v2\/types\/post"}],"author":[{"embeddable":true,"href":"https:\/\/www.europesays.com\/es\/wp-json\/wp\/v2\/users\/2"}],"replies":[{"embeddable":true,"href":"https:\/\/www.europesays.com\/es\/wp-json\/wp\/v2\/comments?post=150197"}],"version-history":[{"count":0,"href":"https:\/\/www.europesays.com\/es\/wp-json\/wp\/v2\/posts\/150197\/revisions"}],"wp:featuredmedia":[{"embeddable":true,"href":"https:\/\/www.europesays.com\/es\/wp-json\/wp\/v2\/media\/149530"}],"wp:attachment":[{"href":"https:\/\/www.europesays.com\/es\/wp-json\/wp\/v2\/media?parent=150197"}],"wp:term":[{"taxonomy":"category","embeddable":true,"href":"https:\/\/www.europesays.com\/es\/wp-json\/wp\/v2\/categories?post=150197"},{"taxonomy":"post_tag","embeddable":true,"href":"https:\/\/www.europesays.com\/es\/wp-json\/wp\/v2\/tags?post=150197"}],"curies":[{"name":"wp","href":"https:\/\/api.w.org\/{rel}","templated":true}]}}