{"id":150275,"date":"2025-10-01T08:29:11","date_gmt":"2025-10-01T08:29:11","guid":{"rendered":"https:\/\/www.europesays.com\/es\/150275\/"},"modified":"2025-10-01T08:29:11","modified_gmt":"2025-10-01T08:29:11","slug":"vuelta-al-mundo-en-bicicleta-con-parada-en-huesca-solo-disfruto-del-momento","status":"publish","type":"post","link":"https:\/\/www.europesays.com\/es\/150275\/","title":{"rendered":"Vuelta al mundo en bicicleta con parada en Huesca: \u00abSolo disfruto del momento\u00bb"},"content":{"rendered":"<p>            Vuelta al mundo en bicicleta con parada en Huesca: \u00abSolo disfruto del momento\u00bb                <\/p>\n<p>Vuelta al mundo en bicicleta con parada en Huesca: \u00abSolo disfruto del momento\u00bb<\/p>\n<p class=\"epigraph\">Amadeo Abplanalp, de origen argentino aunque residente en Suiza, ha recorrido ya 27 pa\u00edses y unos 56.000 kil\u00f3metros en dos a\u00f1os de apasionante aventura.\u00a0<\/p>\n<p class=\"paragraph\"><b>Amadeo Abplanalp<\/b> tiene 34 a\u00f1os. Naci\u00f3 y vivi\u00f3 en Jujuy (<b>Argentina<\/b>) hasta los 13, pero en 2002, a ra\u00edz de una de las peores crisis de la historia del pa\u00eds, se traslad\u00f3 con su familia a <b>Suiza,<\/b> de donde hab\u00eda emigrado su abuelo. <b>Lleva m\u00e1s de dos a\u00f1os dando la vuelta al mundo en bici<\/b> con la que ha recorrido <b>27 pa\u00edses y 56.000 kil\u00f3metros<\/b>. Y su filosof\u00eda de vida a estas alturas se resume as\u00ed: \u00abYo ya no viajo, solo disfruto del momento y de las historias con la gente\u00bb.<\/p>\n<p>            Conforme a los criterios de<br \/>\n            <a class=\"trustproject_img\" id=\"trustproject_img\" href=\"https:\/\/thetrustproject.org\/\" target=\"_blank\" rel=\"nofollow noopener\" aria-label=\"Trust Project\"><img decoding=\"async\" loading=\"lazy\" src=\"https:\/\/www.heraldo.es\/images\/Trust-Logo-Horizontal.svg\" alt=\"Logo Trust Project\" width=\"200\" height=\"34\"\/><\/a><\/p>\n<p>                <img decoding=\"async\" loading=\"lazy\" src=\"https:\/\/www.europesays.com\/es\/wp-content\/uploads\/2025\/08\/ruben-dario-nunez.jpeg\" class=\"author-image\" width=\"120\" height=\"120\" alt=\"Rub\u00e9n Dar\u00edo N\u00fa\u00f1ez\"\/><\/p>\n<p>        <a href=\"https:\/\/www.henneo.com\/\" title=\"Grupo Henneo\" class=\"logo\" rel=\"nofollow noopener\" target=\"_blank\"><br \/>\n            <img decoding=\"async\" src=\"https:\/\/www.heraldo.es\/images\/logo_henneo_gris.svg\" alt=\"Logo Henneo\" width=\"559\" height=\"389\" loading=\"lazy\"\/><br \/>\n        <\/a><\/p>\n<p>\u00a9 HERALDO DE ARAGON EDITORA, S.L.U.<br \/>Tel\u00e9fono 976 765 000 \/ &#8211; P\u00ba. Independencia, 29, 50001 Zaragoza &#8211; CIF: B99288763 &#8211; Inscrita en el Registro Mercantil de Zaragoza al Tomo 3796, Libro 0, Folio 177, Secci\u00f3n 8, Hoja Z-50564<br \/>Queda prohibida toda reproducci\u00f3n sin permiso escrito de la empresa a los efectos del art\u00edculo 32.1, p\u00e1rrafo segundo, de la Ley de Propiedad Intelectual<\/p>\n<p>\n                P\u00ba Independencia, 29, 50001 Zaragoza<br \/> Tel\u00e9fono 976 765 000\n            <\/p>\n<p>                    Actualmente tu navegador no permite ejecutar JavaScript. Para poder disfrutar de nuestro contenido es necesario que lo permita.<br \/>\n                                        <img decoding=\"async\" loading=\"lazy\" alt=\"Heraldo logo\" src=\"https:\/\/dkumiip2e9ary.cloudfront.net\/xalok\/heraldo\/especiales\/hola-de-nuevo\/logo-heraldo.svg\" width=\"215\" height=\"43\"\/><\/p>\n","protected":false},"excerpt":{"rendered":"Vuelta al mundo en bicicleta con parada en Huesca: \u00abSolo disfruto del momento\u00bb Vuelta al mundo en bicicleta&hellip;\n","protected":false},"author":2,"featured_media":150276,"comment_status":"","ping_status":"","sticky":false,"template":"","format":"standard","meta":{"footnotes":""},"categories":[273],"tags":[283,7560,313,312,168,25,24,1265,3013,23,167,6679,1357],"class_list":{"0":"post-150275","1":"post","2":"type-post","3":"status-publish","4":"format-standard","5":"has-post-thumbnail","7":"category-ciclismo","8":"tag-argentina","9":"tag-bicicleta","10":"tag-ciclismo","11":"tag-cycling","12":"tag-deportes","13":"tag-es","14":"tag-espana","15":"tag-huesca","16":"tag-mundo","17":"tag-spain","18":"tag-sports","19":"tag-suiza","20":"tag-vuelta"},"share_on_mastodon":{"url":"","error":""},"_links":{"self":[{"href":"https:\/\/www.europesays.com\/es\/wp-json\/wp\/v2\/posts\/150275","targetHints":{"allow":["GET"]}}],"collection":[{"href":"https:\/\/www.europesays.com\/es\/wp-json\/wp\/v2\/posts"}],"about":[{"href":"https:\/\/www.europesays.com\/es\/wp-json\/wp\/v2\/types\/post"}],"author":[{"embeddable":true,"href":"https:\/\/www.europesays.com\/es\/wp-json\/wp\/v2\/users\/2"}],"replies":[{"embeddable":true,"href":"https:\/\/www.europesays.com\/es\/wp-json\/wp\/v2\/comments?post=150275"}],"version-history":[{"count":0,"href":"https:\/\/www.europesays.com\/es\/wp-json\/wp\/v2\/posts\/150275\/revisions"}],"wp:featuredmedia":[{"embeddable":true,"href":"https:\/\/www.europesays.com\/es\/wp-json\/wp\/v2\/media\/150276"}],"wp:attachment":[{"href":"https:\/\/www.europesays.com\/es\/wp-json\/wp\/v2\/media?parent=150275"}],"wp:term":[{"taxonomy":"category","embeddable":true,"href":"https:\/\/www.europesays.com\/es\/wp-json\/wp\/v2\/categories?post=150275"},{"taxonomy":"post_tag","embeddable":true,"href":"https:\/\/www.europesays.com\/es\/wp-json\/wp\/v2\/tags?post=150275"}],"curies":[{"name":"wp","href":"https:\/\/api.w.org\/{rel}","templated":true}]}}