{"id":150297,"date":"2025-10-01T08:44:08","date_gmt":"2025-10-01T08:44:08","guid":{"rendered":"https:\/\/www.europesays.com\/es\/150297\/"},"modified":"2025-10-01T08:44:08","modified_gmt":"2025-10-01T08:44:08","slug":"la-flotilla-de-gaza-denuncia-el-acercamiento-de-buques-no-identificados-tras-entrar-en-zona-lasexta","status":"publish","type":"post","link":"https:\/\/www.europesays.com\/es\/150297\/","title":{"rendered":"La Flotilla de Gaza denuncia el acercamiento de buques &quot;no identificados&quot; tras entrar en &quot;zona &#8211; LaSexta"},"content":{"rendered":"<ol>\n<li><a href=\"https:\/\/news.google.com\/rss\/articles\/CBMi-AFBVV95cUxNU0N4RDdKU1VmYzYxT0tfbWhDTC1EVjhuVEdzekRGWkNsWTdDQTc0VU9yRE1qWUtybmlOTDBYdFhhQ1VmOTdLT1JuRFBaOHBVZGhTU0JmWmw3S003VXZGR2loYTNzRGNJSEQzQ0lHc2t6SkUxdzBnNzlwdk4tNDRhN1daM2hnMm1uN2o0SXNxMlNMSk1Wb3JFTWpiYXh0VVNTMy10V3RaRjlzcHBoT3pQUy1KQ09ueWxWb042U3V0NmZROE9peFdzS05LNDJ2RXNsQnBQS3BBTExaaGVJYnUxeFhNcXR5ZUk4eDVqSmo2LUQ2Z1B4TzJxMtIB-AFBVV95cUxQUGhjbENJc0xibUJTRjFaSGJteVFhTDhha3AtbnpqNTFGUWR4X3pyOGg5enkwWFFWRU13OUtCS3JUWURsczhDMGR4QXFsSlNzU2pzaXhPenlpY3FITjdHT1BkZXFtcDE1azV4U041MEg2M3BKUUQ2TXNzY0dxNElnX3hsMzZFanMtcnRLeVdUamp3a2oyUS0yV05wOUJvTUhxUGpfb29JOHgwcXdIc0ZSdUVYS3ZYcHFlNmhUWFcwTkJXUm1PanMtcjR6THNLVnduc29TckVsMGR1TkdLMmdoem5pbWFFN1FPSWJUc1dCeUFHcmJKYzFjRA?oc=5\" target=\"_blank\" rel=\"nofollow noopener\">La Flotilla de Gaza denuncia el acercamiento de buques \u00abno identificados\u00bb tras entrar en \u00abzona<\/a>&nbsp;&nbsp;LaSexta<\/li>\n<li><a href=\"https:\/\/news.google.com\/rss\/articles\/CBMiyAFBVV95cUxNaHNIZkE5bUZZZnF5OXh1UzlHUWYyS0lOR2szNHl5bjVld0JNeEVkYnRKb0F3SnNEQWd4UThrX0kwMUVRRjVjbHhtNFdHQTJDb2JlaE9CWkxYcy0zdlBkRHVINDV1bFdXVmU2UjRmVElsZWkzdlc3R1h2aUduRF9QTi1NazRxY1NxNHRZX3pEZW9mRTNSZkZzcUVSQU44ZDNUVEhDREVLaDliV0NlRW5JVjhqa1ZVLUh6LUdsTlVxODh6NGhnR253TQ?oc=5\" target=\"_blank\" rel=\"nofollow noopener\">La flotilla con ayuda para Gaza denuncia el primer \u201cataque intimidatorio\u201d de buques del ej\u00e9rcito de Israel<\/a>&nbsp;&nbsp;EL PA\u00cdS<\/li>\n<li><a href=\"https:\/\/news.google.com\/rss\/articles\/CBMipgFBVV95cUxNMlpCY1lHeHRsaGlzbWFuY3VsUXk4LWxXcGxOSXRkQWhEU0dmMmJPb2ZWTWlFbi15bXl4RlNOX2ppMlNpYlF4SmVKUHVQTE14VUNHSUtjQUo0Y2FLU2dvUGVxY3RtaHJqMFlEV1NmN2tYOUpuVFBmVzMydzc2WExDMFQ1VHFjYW9VNE4waXpPeWk5R3FPX1JQVDVWRlpqZkh1Qjhob1RR?oc=5\" target=\"_blank\" rel=\"nofollow noopener\">As\u00ed rode\u00f3 un barco israel\u00ed al \u2018Alma\u2019, seg\u00fan la flotilla<\/a>&nbsp;&nbsp;La Vanguardia<\/li>\n<li><a href=\"https:\/\/news.google.com\/rss\/articles\/CBMiekFVX3lxTE5NeU5NNHBJV2lmRTM5T0FfeEExQVcxTFZNc3FXcWJJMXRkenVQRUhjY21KVVZZalVwYjBtQVFMZ2FzQklwcXF5dFZIZWJvNXQtTXZYbEo4Zk9JOWZPY2ZER19MalNwQ01TcXpGd2N5elBXMnlXYjZ2OHF30gF6QVVfeXFMTnd6eHE0ZExSMEJDYm5QdUJ5V2o1NW5KV1E0MFRIc05obTJxMV9NTllzZkFKWTVrU19kdExLdkxlMjJkSklMQ3NhU28xaUdpY0lmODA2OVFpbElfNl9vQWtvV2hRTGNhdkhmdFo3VTFpM3ZYaWU5dzd2SHc?oc=5\" target=\"_blank\" rel=\"nofollow noopener\">El Gobierno pide a la Flotilla que no entre en la zona de exclusi\u00f3n de Israel y le advierte de que no podr\u00e1 ayudarla si lo hace<\/a>&nbsp;&nbsp;El Mundo<\/li>\n<li><a href=\"https:\/\/news.google.com\/rss\/articles\/CBMivwFBVV95cUxPY0JvTVo1RFBlQlpxZHo1Q01GYjlmN3dpSnc3WnlWN3FEMTVTVTNuRi00NTMyaS1ndDZzUTJUSkZPUTlOUTZyQzRHRHdCeVQ1RFE0QWU2WU1mVEJXNkdkS25fV3BVZlI4Tlp0eGRmTWxrNjBTUWw0UzBaenlFUmVRb3ZEUS13bmRNY3dkR2Q0U2NEMkxObXcxcjhtWS1PdEVqMTVvWkdIYlRvUW9sWWt3U0stNFRvSTV2VS1DX2d2OA?oc=5\" target=\"_blank\" rel=\"nofollow noopener\">La flotilla denuncia una \u00aboperaci\u00f3n intimidatoria\u00bb de un buque de guerra de Israel contra dos de sus barcos<\/a>&nbsp;&nbsp;elDiario.es<\/li>\n<\/ol>\n","protected":false},"excerpt":{"rendered":"La Flotilla de Gaza denuncia el acercamiento de buques \u00abno identificados\u00bb tras entrar en \u00abzona&nbsp;&nbsp;LaSexta La flotilla con&hellip;\n","protected":false},"author":2,"featured_media":149530,"comment_status":"","ping_status":"","sticky":false,"template":"","format":"standard","meta":{"footnotes":""},"categories":[42],"tags":[17,18,13,14,11,61,62,63,64,19,20,9,10,15,16,12,21,22,65,66,67],"class_list":{"0":"post-150297","1":"post","2":"type-post","3":"status-publish","4":"format-standard","5":"has-post-thumbnail","7":"category-internacional","8":"tag-breaking-news","9":"tag-breakingnews","10":"tag-featured-news","11":"tag-featurednews","12":"tag-headlines","13":"tag-internacional","14":"tag-international","15":"tag-international-news","16":"tag-internationalnews","17":"tag-latest-news","18":"tag-latestnews","19":"tag-news","20":"tag-noticias","21":"tag-noticias-destacadas","22":"tag-noticiasdestacadas","23":"tag-titulares","24":"tag-ultimas-noticias","25":"tag-ultimasnoticias","26":"tag-world","27":"tag-world-news","28":"tag-worldnews"},"share_on_mastodon":{"url":"","error":""},"_links":{"self":[{"href":"https:\/\/www.europesays.com\/es\/wp-json\/wp\/v2\/posts\/150297","targetHints":{"allow":["GET"]}}],"collection":[{"href":"https:\/\/www.europesays.com\/es\/wp-json\/wp\/v2\/posts"}],"about":[{"href":"https:\/\/www.europesays.com\/es\/wp-json\/wp\/v2\/types\/post"}],"author":[{"embeddable":true,"href":"https:\/\/www.europesays.com\/es\/wp-json\/wp\/v2\/users\/2"}],"replies":[{"embeddable":true,"href":"https:\/\/www.europesays.com\/es\/wp-json\/wp\/v2\/comments?post=150297"}],"version-history":[{"count":0,"href":"https:\/\/www.europesays.com\/es\/wp-json\/wp\/v2\/posts\/150297\/revisions"}],"wp:featuredmedia":[{"embeddable":true,"href":"https:\/\/www.europesays.com\/es\/wp-json\/wp\/v2\/media\/149530"}],"wp:attachment":[{"href":"https:\/\/www.europesays.com\/es\/wp-json\/wp\/v2\/media?parent=150297"}],"wp:term":[{"taxonomy":"category","embeddable":true,"href":"https:\/\/www.europesays.com\/es\/wp-json\/wp\/v2\/categories?post=150297"},{"taxonomy":"post_tag","embeddable":true,"href":"https:\/\/www.europesays.com\/es\/wp-json\/wp\/v2\/tags?post=150297"}],"curies":[{"name":"wp","href":"https:\/\/api.w.org\/{rel}","templated":true}]}}