{"id":150305,"date":"2025-10-01T08:52:07","date_gmt":"2025-10-01T08:52:07","guid":{"rendered":"https:\/\/www.europesays.com\/es\/150305\/"},"modified":"2025-10-01T08:52:07","modified_gmt":"2025-10-01T08:52:07","slug":"juan-higuera-un-cordobes-en-la-cima-del-gravel-mundial","status":"publish","type":"post","link":"https:\/\/www.europesays.com\/es\/150305\/","title":{"rendered":"Juan Higuera, un cordob\u00e9s en la cima del gravel mundial"},"content":{"rendered":"<p class=\"article-text\">\n        El ciclismo cordob\u00e9s estar\u00e1 de enhorabuena en 2025. El deportista del O.T Transgalan -Globacar, perteneciente al CC Jarote, Juan Higuera ha logrado una meritoria clasificaci\u00f3n para disputar el Campeonato del Mundo de Gravel de la UCI 2025 en su categor\u00eda de edad (M\u00e1ster 50), un evento que reunir\u00e1 a los mejores especialistas del planeta en la regi\u00f3n de Zuid-Limburg (Pa\u00edses Bajos) los d\u00edas 11 y 12 de octubre del pr\u00f3ximo a\u00f1o. Higuera se convierte, adem\u00e1s, en el \u00fanico ciclista de la provincia de C\u00f3rdoba que ha conseguido el billete para esta prestigiosa cita internacional.\n    <\/p>\n<p>    <a href=\"https:\/\/cordopolis.eldiario.es\/deportes\/polideportivo\/memorial-isidro-pulido-lucha-ela-golpe-pedal_1_12243115.html\" data-mrf-recirculation=\"saber-mas\" data-dl-event=\"saber-mas\" rel=\"nofollow noopener\" target=\"_blank\"><\/p>\n<p class=\"know-more__title\">El Memorial Isidro Pulido, una lucha contra el ELA a golpe de pedal<\/p>\n<p>            <img decoding=\"async\" class=\"lazy\" loading=\"lazy\" data-src=\"https:\/\/static.eldiario.es\/clip\/3b3163e5-759d-4ff5-8db2-8381bf5539d5_16-9-aspect-ratio_default_0.jpg\" src=\"data:image\/svg+xml,%3Csvg xmlns=\" http:=\"\" viewbox=\"0 0 880 495\" alt=\"El Memorial Isidro Pulido, una lucha contra el ELA a golpe de pedal\"\/><\/p>\n<p>                        <\/a><\/p>\n<p class=\"article-text\">\n        El camino hasta el Mundial es un filtro de alt\u00edsima exigencia. Para conseguir el pasaporte, los ciclistas deben competir en las UCI Gravel World Series, un circuito con 25 pruebas repartidas por todo el globo, desde Kenia a Estados Unidos, pasando por Australia o Canad\u00e1. El reglamento oficial establece que solo se clasifican para el Mundial aquellos corredores que finalizan dentro del primer 25% de los participantes de su categor\u00eda de edad. Adem\u00e1s, los tres primeros de cada grupo obtienen el pase directo, siempre y cuando terminen la carrera.\n    <\/p>\n<p class=\"article-text\">\n        Un logro que, tal y como ha explicado el propio deportista, es fruto del esfuerzo y la constancia. \u201cMe clasifiqu\u00e9 para el Mundial de Gravel en Holanda. Son varias pruebas por el mundo y yo punt\u00fae en Castell\u00f3n y en Portugal\u201d, detalla Higuera a Cord\u00f3polis. Una de esas pruebas clave fue la 114 Gravel Race, celebrada el pasado 29 de marzo, que destac\u00f3 por su particularidad de ser una carrera transfronteriza de 123 kil\u00f3metros que arranc\u00f3 en Elvas (Portugal) y, tras cruzar la frontera, finaliz\u00f3 en Badajoz (Espa\u00f1a).\n    <\/p>\n<p class=\"article-text\">\n        El desaf\u00edo que le espera en tierras neerlandesas no ser\u00e1 menor. Higuera se enfrentar\u00e1 a un recorrido de 131 kil\u00f3metros que discurrir\u00e1 por el caracter\u00edstico paisaje de colinas de la regi\u00f3n, combinando una variada mezcla de tramos de gravel, senderos forestales y duros repechos. De hecho, el propio recorrido presenta un punto que se antoja decisivo: la ascensi\u00f3n a Bronsdalweg. Se trata de una subida sobre tierra de m\u00e1s de un kil\u00f3metro de longitud con una pendiente media del 8%, un aut\u00e9ntico muro donde se pondr\u00e1 a prueba la resistencia de los mejores del mundo.\n    <\/p>\n<p>            <img decoding=\"async\" class=\"lazy\" loading=\"lazy\" data-src=\"https:\/\/static.eldiario.es\/clip\/1581d7c4-9bd5-49b0-806e-717361a96be9_16-9-discover-aspect-ratio_default_0.jpg\" src=\"data:image\/svg+xml,%3Csvg xmlns=\" http:=\"\" viewbox=\"0 0 1200 675\" alt=\"Juan Higuera en el podio de una prueba\"\/><\/p>\n<p class=\"article-text\">\n        Adem\u00e1s, la hoja de ruta para el ciclista cordob\u00e9s ya est\u00e1 definida. La salida para su categor\u00eda, M\u00e1ster 50-54, est\u00e1 fijada para el s\u00e1bado 11 de octubre a las 11:15 horas. Se espera que los primeros clasificados de su prueba lleguen a la meta, situada en la c\u00e9ntrica Koningsplein de Maastricht, en torno a las 14:30 horas, dando paso a las ceremonias de podio.\n    <\/p>\n<p class=\"article-text\">\n        Con la confirmaci\u00f3n de su inscripci\u00f3n ya en la mano y un programa detallado sobre la mesa, Juan Higuera se prepara para un reto may\u00fasculo donde no solo representar\u00e1 al ciclismo espa\u00f1ol, sino que llevar\u00e1 el nombre de C\u00f3rdoba a la \u00e9lite del gravel mundial. Un hito que pone de manifiesto el gran nivel del deporte cordob\u00e9s y que tendr\u00e1 en Higuera a su \u00fanico embajador en la prueba de esta disciplina m\u00e1s importante del planeta.\n    <\/p>\n","protected":false},"excerpt":{"rendered":"El ciclismo cordob\u00e9s estar\u00e1 de enhorabuena en 2025. El deportista del O.T Transgalan -Globacar, perteneciente al CC Jarote,&hellip;\n","protected":false},"author":2,"featured_media":150306,"comment_status":"","ping_status":"","sticky":false,"template":"","format":"standard","meta":{"footnotes":""},"categories":[273],"tags":[313,5776,3042,312,168,25,24,18236,14963,409,1070,23,167],"class_list":{"0":"post-150305","1":"post","2":"type-post","3":"status-publish","4":"format-standard","5":"has-post-thumbnail","7":"category-ciclismo","8":"tag-ciclismo","9":"tag-cima","10":"tag-cordobes","11":"tag-cycling","12":"tag-deportes","13":"tag-es","14":"tag-espana","15":"tag-gravel","16":"tag-higuera","17":"tag-juan","18":"tag-mundial","19":"tag-spain","20":"tag-sports"},"share_on_mastodon":{"url":"","error":""},"_links":{"self":[{"href":"https:\/\/www.europesays.com\/es\/wp-json\/wp\/v2\/posts\/150305","targetHints":{"allow":["GET"]}}],"collection":[{"href":"https:\/\/www.europesays.com\/es\/wp-json\/wp\/v2\/posts"}],"about":[{"href":"https:\/\/www.europesays.com\/es\/wp-json\/wp\/v2\/types\/post"}],"author":[{"embeddable":true,"href":"https:\/\/www.europesays.com\/es\/wp-json\/wp\/v2\/users\/2"}],"replies":[{"embeddable":true,"href":"https:\/\/www.europesays.com\/es\/wp-json\/wp\/v2\/comments?post=150305"}],"version-history":[{"count":0,"href":"https:\/\/www.europesays.com\/es\/wp-json\/wp\/v2\/posts\/150305\/revisions"}],"wp:featuredmedia":[{"embeddable":true,"href":"https:\/\/www.europesays.com\/es\/wp-json\/wp\/v2\/media\/150306"}],"wp:attachment":[{"href":"https:\/\/www.europesays.com\/es\/wp-json\/wp\/v2\/media?parent=150305"}],"wp:term":[{"taxonomy":"category","embeddable":true,"href":"https:\/\/www.europesays.com\/es\/wp-json\/wp\/v2\/categories?post=150305"},{"taxonomy":"post_tag","embeddable":true,"href":"https:\/\/www.europesays.com\/es\/wp-json\/wp\/v2\/tags?post=150305"}],"curies":[{"name":"wp","href":"https:\/\/api.w.org\/{rel}","templated":true}]}}