{"id":150315,"date":"2025-10-01T08:57:12","date_gmt":"2025-10-01T08:57:12","guid":{"rendered":"https:\/\/www.europesays.com\/es\/150315\/"},"modified":"2025-10-01T08:57:12","modified_gmt":"2025-10-01T08:57:12","slug":"asi-es-la-casa-modernista-que-se-ha-comprado-woody-allen-en-el-centro-de-barcelona","status":"publish","type":"post","link":"https:\/\/www.europesays.com\/es\/150315\/","title":{"rendered":"As\u00ed es la casa modernista que se ha comprado Woody Allen en el centro de Barcelona"},"content":{"rendered":"<p class=\"paragraph\">Que <b>Woody Allen <\/b>adore Barcelona no es ninguna novedad. Lo dej\u00f3 claro en 2007, cuando rod\u00f3 Vicky Cristina Barcelona, y lo repiti\u00f3 en entrevistas: \u00abHay pocas buenas ciudades en el mundo, como <b>Roma, Par\u00eds o Londres, y Barcelona <\/b>es una de ellas. Su carisma ha rejuvenecido mi cine. Yo sigo teniendo los mismos achaques\u00bb, dec\u00eda con iron\u00eda. Ahora, a punto de cumplir 90 a\u00f1os en noviembre, ese amor se ha vuelto a\u00fan m\u00e1s personal: el director se ha comprado una casa en <b>Gr\u00e0cia,<\/b> uno de los barrios m\u00e1s aut\u00e9nticos y bohemios de la ciudad.<\/p>\n<p class=\"c-detail__media__subtitle composite_image\">\n<p>        Barrio de Gracia de Barcelona<\/p>\n<p class=\"paragraph\">Su nuevo refugio dicen que es una finca modernista con jard\u00edn, techos altos, mosaicos hidr\u00e1ulicos y grandes ventanales. En total, m\u00e1s de 1.100 metros cuadrados construidos en una parcela de 1.600, espacio de sobra para descansar, recibir amigos o tocar su clarinete. No se ha hecho p\u00fablico el precio, pero en la zona las casas rondan entre 5.500 y 6.000 euros el metro cuadrado, as\u00ed que hablamos de una inversi\u00f3n importante. La elecci\u00f3n no es casual. Durante el rodaje, qued\u00f3 fascinado por la Casa Tosquella, en el <b>Putxet,<\/b> una joya modernista de 1917. Aquella mansi\u00f3n le encant\u00f3 con sus suelos hidr\u00e1ulicos y barandillas de forja.<\/p>\n<p class=\"c-detail__media__subtitle composite_image\">\n<p>        Casa Fuster<\/p>\n<p>\u00bfPor qu\u00e9 Gr\u00e0cia?<\/p>\n<p class=\"paragraph\">Podr\u00eda haberse instalado en Pedralbes o Diagonal Mar, las zonas m\u00e1s caras de la ciudad, pero prefiri\u00f3 el aire de pueblo que a\u00fan conserva esta la zona norte de <b>Barcelona<\/b>, justo por encima del Eixample y al pie del Tibidabo. Este barrio fue independiente hasta el siglo XIX y todav\u00eda mantiene esa esencia. Pasear por sus calles es ver ni\u00f1os jugando, abuelos leyendo en un banco y j\u00f3venes tomando vermut en la Plaza del Sol, siempre animada y llena de terrazas. All\u00ed conviven el hist\u00f3rico<b> Cine Verdi,<\/b> la bulliciosa <b>Calle Verdi<\/b> con bares y restaurantes de todo tipo, o el Refugi del Diamant, un refugio de la Guerra Civil descubierto en los 90. Y a pocos minutos se encuentra el <b>Park G\u00fcell,<\/b> una de las obras m\u00e1s emblem\u00e1ticas de Gaud\u00ed y parada obligatoria para locales y turistas.<\/p>\n<p class=\"paragraph\">\u00bfUn plus? Adem\u00e1s del cine, la otra gran pasi\u00f3n de Allen es el jazz. Y la ciudad condal tambi\u00e9n le ha dado ese espacio. El <b>Caf\u00e9 Vien\u00e9s,<\/b> en la <b>Casa Fuster <\/b>de Passeig de Gr\u00e0cia, fue escenario de sus conciertos con la New Orleans Jazz Band, donde el ambiente modernista se mezclaba con el sonido de su clarinete.<\/p>\n<p class=\"c-detail__media__subtitle composite_image\">\n<p>        Woody AllenGTRES<\/p>\n<p>Barcelona en su pel\u00edcula<\/p>\n<p class=\"paragraph\">Vicky Cristina Barcelona fue, en cierto modo, una carta de amor a la ciudad. La Sagrada Familia, con <b>Vicky y Cristina<\/b> fotografiando sus fachadas; el Hospital de Sant Pau, donde se rod\u00f3 una escena con la bas\u00edlica al fondo; el<b> Park G\u00fcell<\/b>, con la conversaci\u00f3n junto a la famosa salamandra; la Casa Fuster, hoy un hotel de lujo con su m\u00edtico Caf\u00e9 Vien\u00e9s; y el restaurante modernista Els Quatre Gats, punto de encuentro de <b>Picasso y Gaud\u00ed.<\/b><\/p>\n<p class=\"paragraph\">Cada localizaci\u00f3n mostr\u00f3 no solo la belleza de la ciudad, sino tambi\u00e9n ese magnetismo cultural que tanto lo seduce. La historia sigue a <b>Vicky<\/b> (Rebecca Hall) y<b> Cristina <\/b>(Scarlett Johansson), dos amigas estadounidenses que pasan un verano en Barcelona. All\u00ed conocen a <b>Juan Antonio <\/b>(Javier Bardem), un pintor carism\u00e1tico y bohemio que las invita a un viaje espont\u00e1neo a Oviedo. Ambas terminan implicadas de manera distinta con <b>Juan Antonio,<\/b> lo que despierta tensiones, pasiones y dilemas personales. La situaci\u00f3n se complica a\u00fan m\u00e1s con la aparici\u00f3n de <b>Mar\u00eda Elena <\/b>(Pen\u00e9lope Cruz), la temperamental exesposa, cuya relaci\u00f3n con \u00e9l es tan destructiva como apasionada.<\/p>\n<p class=\"c-detail__media__subtitle composite_image\">\n<p>        Pen\u00e9lope Cruz y  Javier Bardem, en  2008GTRES<\/p>\n<p class=\"paragraph\">Y aunque han pasado ya casi dos d\u00e9cadas desde aquel rodaje, el esp\u00edritu que la pel\u00edcula retrat\u00f3 sigue vivo: Gr\u00e0cia es ahora uno de los barrios m\u00e1s vibrantes, donde a los vecinos de toda la vida se han sumado estudiantes, artistas y una comunidad internacional en crecimiento.<\/p>\n","protected":false},"excerpt":{"rendered":"Que Woody Allen adore Barcelona no es ninguna novedad. Lo dej\u00f3 claro en 2007, cuando rod\u00f3 Vicky Cristina&hellip;\n","protected":false},"author":2,"featured_media":150316,"comment_status":"","ping_status":"","sticky":false,"template":"","format":"standard","meta":{"footnotes":""},"categories":[173],"tags":[229,233,231,230,232,234,146,147,25,24,23],"class_list":{"0":"post-150315","1":"post","2":"type-post","3":"status-publish","4":"format-standard","5":"has-post-thumbnail","7":"category-arte-y-diseno","8":"tag-arte","9":"tag-arte-y-diseno","10":"tag-arts","11":"tag-arts-and-design","12":"tag-design","13":"tag-diseno","14":"tag-entertainment","15":"tag-entretenimiento","16":"tag-es","17":"tag-espana","18":"tag-spain"},"share_on_mastodon":{"url":"","error":""},"_links":{"self":[{"href":"https:\/\/www.europesays.com\/es\/wp-json\/wp\/v2\/posts\/150315","targetHints":{"allow":["GET"]}}],"collection":[{"href":"https:\/\/www.europesays.com\/es\/wp-json\/wp\/v2\/posts"}],"about":[{"href":"https:\/\/www.europesays.com\/es\/wp-json\/wp\/v2\/types\/post"}],"author":[{"embeddable":true,"href":"https:\/\/www.europesays.com\/es\/wp-json\/wp\/v2\/users\/2"}],"replies":[{"embeddable":true,"href":"https:\/\/www.europesays.com\/es\/wp-json\/wp\/v2\/comments?post=150315"}],"version-history":[{"count":0,"href":"https:\/\/www.europesays.com\/es\/wp-json\/wp\/v2\/posts\/150315\/revisions"}],"wp:featuredmedia":[{"embeddable":true,"href":"https:\/\/www.europesays.com\/es\/wp-json\/wp\/v2\/media\/150316"}],"wp:attachment":[{"href":"https:\/\/www.europesays.com\/es\/wp-json\/wp\/v2\/media?parent=150315"}],"wp:term":[{"taxonomy":"category","embeddable":true,"href":"https:\/\/www.europesays.com\/es\/wp-json\/wp\/v2\/categories?post=150315"},{"taxonomy":"post_tag","embeddable":true,"href":"https:\/\/www.europesays.com\/es\/wp-json\/wp\/v2\/tags?post=150315"}],"curies":[{"name":"wp","href":"https:\/\/api.w.org\/{rel}","templated":true}]}}