{"id":150317,"date":"2025-10-01T08:58:07","date_gmt":"2025-10-01T08:58:07","guid":{"rendered":"https:\/\/www.europesays.com\/es\/150317\/"},"modified":"2025-10-01T08:58:07","modified_gmt":"2025-10-01T08:58:07","slug":"brenda-morena-y-lara","status":"publish","type":"post","link":"https:\/\/www.europesays.com\/es\/150317\/","title":{"rendered":"Brenda, Morena y Lara"},"content":{"rendered":"<p>La <a href=\"https:\/\/www.clarin.com\/policiales\/triple-crimen-florencio-varela-anzuelo-irresistible-chicas-suerte-echada_0_6dhddqFmZb.html\" target=\"_blank\" title=\"ropa \" alt=\"ropa \" rel=\"nofollow noopener\">ropa <\/a>festiva, sexy y escotada, en cuerpos que todav\u00eda no parec\u00edan decididos a habitar la adultez. La boca inflada, como usan las famosas, se plegaba en trompitas mientras una mano imitaba los gestos de los cantantes que conocen y la otra sosten\u00eda el celular. Fotos que las muestran con sus u\u00f1as largu\u00edsimas y decoradas.<strong> Brenda del Castillo, Morena Verdi y Lara Guti\u00e9rrez vivieron como pudieron y <a href=\"https:\/\/www.clarin.com\/policiales\/buscan-pequeno-jota-capo-narco-principal-acusado-triple-crimen-florencio-varela_0_64pfsGCGp9.html\" target=\"_blank\" title=\"murieron \" alt=\"murieron \" rel=\"nofollow noopener\">murieron <\/a>como <a href=\"https:\/\/www.clarin.com\/policiales\/triple-crimen-florencio-varela-vivo-paso-chicas-sigue-investigacion-hoy_0_xirNyJFLDq.html\" target=\"_blank\" title=\"nadie \" alt=\"nadie \" rel=\"nofollow noopener\">nadie <\/a>deber\u00eda <a href=\"https:\/\/www.clarin.com\/policiales\/triple-crimen-florencio-varela-cronologia-desaparicion-asesinato-brenda-morena-lara_0_RLHT4OTrPr.html\" target=\"_blank\" title=\"morir\" alt=\"morir\" rel=\"nofollow noopener\">morir<\/a>.<\/strong><\/p>\n<p><strong>Se les reprocha que no fueran chicas ejemplares<\/strong>. Y sin embargo, lo eran. No, no estudiaban ni confiaban en la escuela para construirse<strong> un futuro lo suficientemente exitoso <\/strong>como la sociedad les propone, les convida, les vende, cada vez que el dedo se mueve sobre el celular. \u00bfEstaban equivocadas?<\/p>\n<p>Seg\u00fan un relevamiento del INDEC de septiembre de este a\u00f1o, <strong>el 45,4% de los chicos que tienen 14 a\u00f1os o menos vive en hogares pobres<\/strong>. Son unos 3,5 millones de ni\u00f1os y ni\u00f1as.<\/p>\n<p><strong>Esas criaturas van poco a la escuela. Menos van, cuanto m\u00e1s crecen<\/strong>. \u00abLas tasas de deserci\u00f3n escolar promedian el 15% entre los j\u00f3venes de 17 a\u00f1os y son 3 puntos porcentuales m\u00e1s altas entre los estudiantes en hogares del 40 % m\u00e1s pobre de la poblaci\u00f3n\u201d, indica un estudio del Banco Mundial sugestivamente titulado \u201cLas trampas de la pobreza en Argentina\u201d.<\/p>\n<p>As\u00ed, para cuando llegan a los 17, en el Conurbano, por ejemplo, <strong>un 31% de esos y esas j\u00f3venes no asiste a la escuela<\/strong>. \u00bfPara qu\u00e9?, se preguntan.<\/p>\n<p>La medi\u00e1tica Wanda Nara, dicen varios art\u00edculos, y la rapera y compositora Cazzu son de las argentinas m\u00e1s populares en la plataforma de contenido er\u00f3tico <strong>Onlyfans<\/strong>. Tambi\u00e9n andan por ah\u00ed \u00abcreando contenido\u00bb Candelaria Tinelli, la modelo Yus L\u00f3pez y la futbolista Abigail Chaves. <strong>Es f\u00e1cil: una foto, un documento y un nombre.<\/strong><\/p>\n<p>\u201cEl discurso de Onlyfans supone un nuevo peligro porque<strong> cala en las mujeres j\u00f3venes a trav\u00e9s de las redes sociales<\/strong>, donde vemos que se reproducen una serie de discursos que banalizan y <strong>glamourizan la prostituci\u00f3n <\/strong>y lo maquillan como algo empoderante\u201d, advirti\u00f3 la vicepresidenta de la Federaci\u00f3n Mujeres J\u00f3venes de Espa\u00f1a. Raquel P\u00e9rez.<\/p>\n<p><strong>El c\u00f3ctel solo puede empeorar cuando se cruza con el retroceso del Estado y el avance del narcotr\u00e1fico<\/strong>, que gana el territorio que las instituciones y las organizaciones abandonan. Brenda, Morena y Lara s\u00ed son ejemplares: <strong>un ejemplo perfecto<\/strong> de c\u00f3mo esta sociedad que somos les suelta la mano a las y los chicos.<\/p>\n","protected":false},"excerpt":{"rendered":"La ropa festiva, sexy y escotada, en cuerpos que todav\u00eda no parec\u00edan decididos a habitar la adultez. La&hellip;\n","protected":false},"author":2,"featured_media":150318,"comment_status":"","ping_status":"","sticky":false,"template":"","format":"standard","meta":{"footnotes":""},"categories":[172],"tags":[224,146,147,25,24,225,23],"class_list":{"0":"post-150317","1":"post","2":"type-post","3":"status-publish","4":"format-standard","5":"has-post-thumbnail","7":"category-libros","8":"tag-books","9":"tag-entertainment","10":"tag-entretenimiento","11":"tag-es","12":"tag-espana","13":"tag-libros","14":"tag-spain"},"share_on_mastodon":{"url":"","error":""},"_links":{"self":[{"href":"https:\/\/www.europesays.com\/es\/wp-json\/wp\/v2\/posts\/150317","targetHints":{"allow":["GET"]}}],"collection":[{"href":"https:\/\/www.europesays.com\/es\/wp-json\/wp\/v2\/posts"}],"about":[{"href":"https:\/\/www.europesays.com\/es\/wp-json\/wp\/v2\/types\/post"}],"author":[{"embeddable":true,"href":"https:\/\/www.europesays.com\/es\/wp-json\/wp\/v2\/users\/2"}],"replies":[{"embeddable":true,"href":"https:\/\/www.europesays.com\/es\/wp-json\/wp\/v2\/comments?post=150317"}],"version-history":[{"count":0,"href":"https:\/\/www.europesays.com\/es\/wp-json\/wp\/v2\/posts\/150317\/revisions"}],"wp:featuredmedia":[{"embeddable":true,"href":"https:\/\/www.europesays.com\/es\/wp-json\/wp\/v2\/media\/150318"}],"wp:attachment":[{"href":"https:\/\/www.europesays.com\/es\/wp-json\/wp\/v2\/media?parent=150317"}],"wp:term":[{"taxonomy":"category","embeddable":true,"href":"https:\/\/www.europesays.com\/es\/wp-json\/wp\/v2\/categories?post=150317"},{"taxonomy":"post_tag","embeddable":true,"href":"https:\/\/www.europesays.com\/es\/wp-json\/wp\/v2\/tags?post=150317"}],"curies":[{"name":"wp","href":"https:\/\/api.w.org\/{rel}","templated":true}]}}