{"id":150329,"date":"2025-10-01T09:04:05","date_gmt":"2025-10-01T09:04:05","guid":{"rendered":"https:\/\/www.europesays.com\/es\/150329\/"},"modified":"2025-10-01T09:04:05","modified_gmt":"2025-10-01T09:04:05","slug":"el-fernan-gomez-estrena-mas-alla-de-esta-vida-a-partir-de-la-biografia-y-obras-de-gustavo-adolfo-becquer","status":"publish","type":"post","link":"https:\/\/www.europesays.com\/es\/150329\/","title":{"rendered":"El Fern\u00e1n G\u00f3mez estrena \u2018M\u00e1s all\u00e1 de esta vida\u2019, a partir de la biograf\u00eda y obras de Gustavo Adolfo B\u00e9cquer"},"content":{"rendered":"<p>              <img loading=\"lazy\" decoding=\"async\" src=\"https:\/\/www.europesays.com\/es\/wp-content\/uploads\/2025\/10\/\u2018M\u00e1s all\u00e1 de esta vida\u2019. Imagen de Serrano Sierra.jpg\" width=\"850\" height=\"450\" alt=\"\u2018M\u00e1s all\u00e1 de esta vida\u2019. Imagen de Serrano Sierra\" typeof=\"foaf:Image\" class=\"image-style-notas-de-prensa-imagen-destacada\"\/><\/p>\n<p>      \u2018M\u00e1s all\u00e1 de esta vida\u2019. Imagen de Serrano Sierra\n  <\/p>\n<p>El teatro Fern\u00e1n G\u00f3mez. Centro Cultural de la Villa acoge el estreno absoluto de M\u00e1s all\u00e1 de esta vida, montaje que parte de la biograf\u00eda y las obras de Gustavo Adolfo B\u00e9cquer con dramaturgia y direcci\u00f3n de D\u00e9bora Izaguirre. Esta obra se enmarca en el contexto de las actividades y programaci\u00f3n que el teatro ofrecer\u00e1 al p\u00fablico con motivo del D\u00eda de Todos los Santos y el D\u00eda de Difuntos, y estar\u00e1 en cartel del 28 de octubre al 16 de noviembre en la Sala Jardiel Poncela de este espacio del \u00c1rea de Cultura, Turismo y Deporte, a las 19:30 horas.<\/p>\n<p>La obra a\u00fana dos leyendas de B\u00e9cquer, Los ojos verdes y El monte de las \u00e1nimas, con alguna de sus rimas y con reflexiones extra\u00eddas de Cartas desde mi celda, de Cartas literarias a una mujer y fragmentos de sus otras leyendas. Con este punto de partida, la directora, D\u00e9bora Izaguirre, crea un \u201ccuento musical de terror y amor\u201d que recoge lo que ella imagina sobre los \u00faltimos d\u00edas de vida de B\u00e9cquer, la relaci\u00f3n con las mujeres que am\u00f3 (o crey\u00f3 amar), sus sentimientos, las heridas de su infancia y su visi\u00f3n del mundo.<\/p>\n<p>En el imaginario popular, Gustavo Adolfo B\u00e9cquer aparece como un icono del romanticismo espa\u00f1ol. M\u00e1s all\u00e1 de esta vida conecta el universo del autor sevillano con una perspectiva m\u00e1s actual sobre los grandes temas de su obra. Sus leyendas de terror, ultratumba y misterio, su fascinaci\u00f3n por la Edad Media u Oriente, su obsesi\u00f3n por la muerte y los amores imposibles y, en definitiva, su concepci\u00f3n de una existencia vivida desde la m\u00e1xima intensidad emocional, siguen resonando hoy en d\u00eda.<\/p>\n<p>La directora art\u00edstica, D\u00e9bora Izaguirre, con una amplia trayectoria tanto en teatro como en televisi\u00f3n, inicia su camino como directora, guionista y productora con el cortometraje Las frases de las historias que escribo. M\u00e1s all\u00e1 de esta vida es su primer texto teatral y su debut profesional como directora de escena. La obra cuenta con \u00c1lvaro Alvarado, Fran Pineda y Zuria G\u00f3mez en la interpretaci\u00f3n, y la m\u00fasica en directo del propio Alvarado al viol\u00edn. La escenograf\u00eda y el vestuario los firma Ada Ventura y la iluminaci\u00f3n y el espacio sonoro son de Julio Bao.<\/p>\n<p><strong>Se pueden adquirir las entradas y consultar toda la programaci\u00f3n en la web de <a href=\"https:\/\/tienda.madrid-destino.com\/es\/teatro-fernan-gomez-centro-cultural-de-la-villa\/mas-alla-de-esta-vida\/\" rel=\"nofollow noopener\" target=\"_blank\">Madrid Destino<\/a> y <a href=\"https:\/\/www.teatrofernangomez.es\/\" rel=\"nofollow noopener\" target=\"_blank\">Teatro Fern\u00e1n G\u00f3mez. Centro Cultural de la Villa.<\/a><\/strong><\/p>\n","protected":false},"excerpt":{"rendered":"\u2018M\u00e1s all\u00e1 de esta vida\u2019. Imagen de Serrano Sierra El teatro Fern\u00e1n G\u00f3mez. Centro Cultural de la Villa&hellip;\n","protected":false},"author":2,"featured_media":150330,"comment_status":"","ping_status":"","sticky":false,"template":"","format":"standard","meta":{"footnotes":""},"categories":[91],"tags":[146,147,25,24,23],"class_list":{"0":"post-150329","1":"post","2":"type-post","3":"status-publish","4":"format-standard","5":"has-post-thumbnail","7":"category-entretenimiento","8":"tag-entertainment","9":"tag-entretenimiento","10":"tag-es","11":"tag-espana","12":"tag-spain"},"share_on_mastodon":{"url":"","error":""},"_links":{"self":[{"href":"https:\/\/www.europesays.com\/es\/wp-json\/wp\/v2\/posts\/150329","targetHints":{"allow":["GET"]}}],"collection":[{"href":"https:\/\/www.europesays.com\/es\/wp-json\/wp\/v2\/posts"}],"about":[{"href":"https:\/\/www.europesays.com\/es\/wp-json\/wp\/v2\/types\/post"}],"author":[{"embeddable":true,"href":"https:\/\/www.europesays.com\/es\/wp-json\/wp\/v2\/users\/2"}],"replies":[{"embeddable":true,"href":"https:\/\/www.europesays.com\/es\/wp-json\/wp\/v2\/comments?post=150329"}],"version-history":[{"count":0,"href":"https:\/\/www.europesays.com\/es\/wp-json\/wp\/v2\/posts\/150329\/revisions"}],"wp:featuredmedia":[{"embeddable":true,"href":"https:\/\/www.europesays.com\/es\/wp-json\/wp\/v2\/media\/150330"}],"wp:attachment":[{"href":"https:\/\/www.europesays.com\/es\/wp-json\/wp\/v2\/media?parent=150329"}],"wp:term":[{"taxonomy":"category","embeddable":true,"href":"https:\/\/www.europesays.com\/es\/wp-json\/wp\/v2\/categories?post=150329"},{"taxonomy":"post_tag","embeddable":true,"href":"https:\/\/www.europesays.com\/es\/wp-json\/wp\/v2\/tags?post=150329"}],"curies":[{"name":"wp","href":"https:\/\/api.w.org\/{rel}","templated":true}]}}