{"id":150365,"date":"2025-10-01T09:30:09","date_gmt":"2025-10-01T09:30:09","guid":{"rendered":"https:\/\/www.europesays.com\/es\/150365\/"},"modified":"2025-10-01T09:30:09","modified_gmt":"2025-10-01T09:30:09","slug":"el-salto-edicion-general-7","status":"publish","type":"post","link":"https:\/\/www.europesays.com\/es\/150365\/","title":{"rendered":"&#8211; El Salto &#8211; Edici\u00f3n General"},"content":{"rendered":"<p>La <a href=\"https:\/\/www.elsaltodiario.com\/palestina\/flotilla-global-sumud-enfrenta-horas-criticas\" target=\"_blank\" rel=\"nofollow noopener\">Flotilla Global Sumud<\/a>, que se encuentra en estos momentos en aguas internacionales y acerc\u00e1ndose a la zona de exclusi\u00f3n impuesta por Israel (de manera ileg\u00edtima, y que comprende unas 120 millas n\u00e1uticas en Mediterr\u00e1neo oriental) afronta unas horas cr\u00edticas ante la inminencia de un probable asalto por parte del ej\u00e9rcito sionista.<\/p>\n<p><\/p>\n<p>Durante la madrugada del martes al mi\u00e9rcoles, las m\u00e1s de 50 embarcaciones que se dirigen hacia Gaza han sido aproximadas por buques israel\u00edes y un submarino. Como uno de los portavoces a bordo, Thiago \u00c1vila, se\u00f1alaba: \u201cUn buque militar israel\u00ed acaba de cruzarse con nuestras embarcaciones, intimidando, da\u00f1ando nuestros sistemas de comunicaci\u00f3n y realizando maniobras muy peligrosas mientras rodeaba a nuestras embarcaciones l\u00edderes, Alma y Sirius. A pesar de la p\u00e9rdida de dispositivos electr\u00f3nicos, nadie ha resultado herido y \u00a1seguimos adelante!\u201d.<\/p>\n<blockquote><p>Las comunicaciones a bordo, incluidas las transmisiones de circuito  cerrado, han quedado deshabilitadas, por lo cual las embarcaciones han  activado el protocolo de alerta m\u00e1xima. La armada  israel\u00ed ha llevado a cabo una serie de maniobras de acoso<\/p><\/blockquote>\n<p>Durante el tiempo que ha durado el acercamiento de las fragatas israel\u00edes las comunicaciones a bordo, inclu\u00eddas las transmisiones de circuito cerrado, han quedado deshabilitadas, por lo cual las embarcaciones han activado el protocolo de alerta m\u00e1xima. Adem\u00e1s de esto, la armada israel\u00ed tambi\u00e9n ha llevado a cabo una serie de maniobras de acoso que han obligado a alguno de los buques a maniobrar bruscamente.<\/p>\n<p>A pesar de las constantes amenazas por parte del r\u00e9gimen israel\u00ed y las cont\u00ednuas maniobras intimidatorias (la Flotilla ha sufrido tres ataques durante el mes que lleva navegando hacia Gaza), la tripulaci\u00f3n est\u00e1 dispuesta a seguir.<\/p>\n<p>Los buques de Italia y Espa\u00f1a, en retirada<\/p>\n<p>Por otra parte, durante las \u00faltimas horas el Gobierno italiano y el espa\u00f1ol han comunicado que no van a entrar, bajo ninguna condici\u00f3n, en la zona de exclusi\u00f3n israel\u00ed; ni siquiera para rescatar a los participantes en caso de que se lleve a cabo un ataque por parte del ej\u00e9rcito israel\u00ed.<\/p>\n<p>Desde el Gobierno espa\u00f1ol se ha pedido a los participantes de la Flotilla que se abandone la misi\u00f3n; algo que ha sido criticado por la organizaci\u00f3n: \u201cEl gobierno espa\u00f1ol se ha limitado a pedir a la tripulaci\u00f3n de la Flotilla que abandone su misi\u00f3n, renunciando a ejercer su responsabilidad de protegernos. En lugar de inhibirse, deber\u00eda garantizar nuestra seguridad hasta llegar a Gaza y exigir la apertura de un corredor humanitario. Aceptar como normal esta amenaza de asalto a una acci\u00f3n pac\u00edfica y humanitaria equivale a avalar la impunidad de Israel y silenciar la denuncia del genocidio\u201d, se puede leer en la \u00faltima nota de prensa enviada desde los barcos.<\/p>\n<p>11:20<\/p>\n<p>Carta urgente al ministro \u00d3scar Puente y a la Directora General de la Marina Mercante <\/p>\n<p>Desde la organizaci\u00f3n de la Flotilla Global Sumud se pide que la sociedad civil se env\u00ede una petici\u00f3n al ministerio para que asista a las embarcaciones en su aproximaci\u00f3n a Gaza. La misiva, dirigida al Ministro \u00d3scar Puente y a la Directora General de la Marina Mercante, Ana N\u00fa\u00f1ez Velasco, como autoridades competentes, apela a que \u201calgunas de los barcos que integran esta misi\u00f3n navegan bajo pabell\u00f3n de Espa\u00f1a, lo que implica,por lo que de conformidad con el art\u00edculo 92 de la Convenci\u00f3n de las Naciones Unidas sobre el Derecho del Mar (1982), se encuentran bajo la jurisdicci\u00f3n exclusiva de nuestro pa\u00eds en alta mar\u201d.<\/p>\n<p>Por ello, recuerdan que \u201csignifica que debe considerarse bajo la protecci\u00f3n de su Estado de pabell\u00f3n, de modo quecualquier agresi\u00f3n o interceptaci\u00f3n contra el buque constituye una violaci\u00f3n de la soberan\u00eda de Espa\u00f1a y genera responsabilidad internacional\u201d <\/p>\n<p>El momento en el que se han avistado los barcos de guerra israel\u00edes<\/p>\n<p>Las im\u00e1genes han sido captadas esta pasada noche, cuando las embarcaciones han vivido una aproximaci\u00f3n de los buques de guerra israel\u00edes.<\/p>\n<p>El recorrido de la Flotilla se puede monitorizar en directo e<a href=\"https:\/\/magic.mapim.dev\/sumudnusantara\" target=\"_blank\" rel=\"nofollow noopener\">n este enlace<\/a><\/p>\n","protected":false},"excerpt":{"rendered":"La Flotilla Global Sumud, que se encuentra en estos momentos en aguas internacionales y acerc\u00e1ndose a la zona&hellip;\n","protected":false},"author":2,"featured_media":150366,"comment_status":"","ping_status":"","sticky":false,"template":"","format":"standard","meta":{"footnotes":""},"categories":[42],"tags":[517,17,18,13,14,79,11,61,62,63,64,74,19,20,9,10,15,16,12,21,22,65,66,67],"class_list":{"0":"post-150365","1":"post","2":"type-post","3":"status-publish","4":"format-standard","5":"has-post-thumbnail","7":"category-internacional","8":"tag-actualidad","9":"tag-breaking-news","10":"tag-breakingnews","11":"tag-featured-news","12":"tag-featurednews","13":"tag-genocidio","14":"tag-headlines","15":"tag-internacional","16":"tag-international","17":"tag-international-news","18":"tag-internationalnews","19":"tag-israel","20":"tag-latest-news","21":"tag-latestnews","22":"tag-news","23":"tag-noticias","24":"tag-noticias-destacadas","25":"tag-noticiasdestacadas","26":"tag-titulares","27":"tag-ultimas-noticias","28":"tag-ultimasnoticias","29":"tag-world","30":"tag-world-news","31":"tag-worldnews"},"share_on_mastodon":{"url":"","error":""},"_links":{"self":[{"href":"https:\/\/www.europesays.com\/es\/wp-json\/wp\/v2\/posts\/150365","targetHints":{"allow":["GET"]}}],"collection":[{"href":"https:\/\/www.europesays.com\/es\/wp-json\/wp\/v2\/posts"}],"about":[{"href":"https:\/\/www.europesays.com\/es\/wp-json\/wp\/v2\/types\/post"}],"author":[{"embeddable":true,"href":"https:\/\/www.europesays.com\/es\/wp-json\/wp\/v2\/users\/2"}],"replies":[{"embeddable":true,"href":"https:\/\/www.europesays.com\/es\/wp-json\/wp\/v2\/comments?post=150365"}],"version-history":[{"count":0,"href":"https:\/\/www.europesays.com\/es\/wp-json\/wp\/v2\/posts\/150365\/revisions"}],"wp:featuredmedia":[{"embeddable":true,"href":"https:\/\/www.europesays.com\/es\/wp-json\/wp\/v2\/media\/150366"}],"wp:attachment":[{"href":"https:\/\/www.europesays.com\/es\/wp-json\/wp\/v2\/media?parent=150365"}],"wp:term":[{"taxonomy":"category","embeddable":true,"href":"https:\/\/www.europesays.com\/es\/wp-json\/wp\/v2\/categories?post=150365"},{"taxonomy":"post_tag","embeddable":true,"href":"https:\/\/www.europesays.com\/es\/wp-json\/wp\/v2\/tags?post=150365"}],"curies":[{"name":"wp","href":"https:\/\/api.w.org\/{rel}","templated":true}]}}