{"id":150369,"date":"2025-10-01T09:32:09","date_gmt":"2025-10-01T09:32:09","guid":{"rendered":"https:\/\/www.europesays.com\/es\/150369\/"},"modified":"2025-10-01T09:32:09","modified_gmt":"2025-10-01T09:32:09","slug":"el-decano-del-icam-eugenio-ribon-destaca-el-papel-de-madrid-en-el-arbitraje-internacional-durante-la-clausura-de-la-ipba-mid-year-regional-conference-madrid-2025-icam","status":"publish","type":"post","link":"https:\/\/www.europesays.com\/es\/150369\/","title":{"rendered":"El Decano del ICAM, Eugenio Rib\u00f3n, destaca el papel de Madrid en el arbitraje internacional durante la clausura de la IPBA Mid-Year Regional Conference Madrid 2025 &#8211; ICAM"},"content":{"rendered":"<p>Bajo el lema \u201cBridging Four Regions: Africa, Asia, Europe and Latin America\u201d, la <strong>Inter-Pacific Bar Association (IPBA<\/strong>) ha celebrado los pasados 29 y 30 de septiembre por primera vez en Madrid su conferencia regional, reuniendo a \u00e1rbitros, acad\u00e9micos, empresas e instituciones de todo el mundo con fuerte inter\u00e9s en la regi\u00f3n de Asia-Pac\u00edfico.<\/p>\n<p>A lo largo de los dos d\u00edas, la conferencia ha abordado cuestiones de m\u00e1xima actualidad como las inversiones internacionales y la geopol\u00edtica, el arbitraje internacional comercial y deportivo, compliance y la innovaci\u00f3n en la pr\u00e1ctica in-house, as\u00ed como el impacto transversal de la inteligencia artificial en el ejercicio jur\u00eddico.<\/p>\n<p><img fetchpriority=\"high\" decoding=\"async\" width=\"1024\" height=\"754\" src=\"https:\/\/www.europesays.com\/es\/wp-content\/uploads\/2025\/10\/clausura-la-IPBA-Mid-Year-Regional-Conference-Madrid-2025-2-1024x754.jpeg\" alt=\"\" class=\"wp-image-167066\"  \/><\/p>\n<p>La clausura de la conferencia corri\u00f3 a cargo del Decano del ICAM, Eugenio Rib\u00f3n, quien destac\u00f3 el papel de Madrid como plataforma de conexi\u00f3n entre regiones y sistemas jur\u00eddicos. En este sentido, el Decano destac\u00f3 que \u201cMadrid es europea por vocaci\u00f3n, iberoamericana por historia y abierta a \u00c1frica y Asia por asociaci\u00f3n\u201d.<\/p>\n<p>La conferencia cont\u00f3, adem\u00e1s, con la intervenci\u00f3n de <strong>Jos\u00e9 Luis Mart\u00ednez Almeida<\/strong>, alcalde de Madrid; <strong>Adolfo D\u00edaz-Ambrona<\/strong>, secretario general de la C\u00e1mara de Comercio de Espa\u00f1a; o el presidente de IPBA, <strong>Michael Chu<\/strong>, entre otros. El congreso tambi\u00e9n cont\u00f3 con el apoyo de las principales instituciones arbitrales internacionales, entre ellas el Centro Internacional de Arbitraje de Madrid (CIAM\u2013CIAR), el Hong Kong International Arbitration Centre (HKIAC), el Singapore International Arbitration Centre (SIAC), el Club Espa\u00f1ol e Iberoamericano del Arbitraje, la Permanent Court of Arbitration (PCA) y el Swiss Arbitration Centre.<\/p>\n<p>En la clausura, Rib\u00f3n subray\u00f3 que esta confluencia institucional \u201cllega en un momento especialmente s\u00f3lido para Espa\u00f1a como sede de arbitraje internacional\u201d y reafirma la preparaci\u00f3n de Madrid para acoger procedimientos complejos con neutralidad y eficiencia en v\u00edsperas del Congreso del International Council for Commercial Arbitration (ICCA) 2026, que tendr\u00e1 lugar tambi\u00e9n en la capital espa\u00f1ola.<\/p>\n<p><img loading=\"lazy\" decoding=\"async\" width=\"1024\" height=\"642\" src=\"https:\/\/www.europesays.com\/es\/wp-content\/uploads\/2025\/10\/clausura-la-IPBA-Mid-Year-Regional-Conference-Madrid-2025-1-1024x642.jpeg\" alt=\"\" class=\"wp-image-167067\"  \/><\/p>\n<p>El Decano tuvo tambi\u00e9n palabras de reconocimiento para la IPBA, destacando su labor como plataforma \u00fanica de cooperaci\u00f3n entre abogados de m\u00e1s de 65 jurisdicciones, y agradeci\u00f3 el apoyo de las instituciones madrile\u00f1as como el Ayuntamiento de Madrid, la C\u00e1mara de Comercio de Espa\u00f1a y C\u00e1mara Oficial de Comercio, Industria y Servicios de Madrid.<\/p>\n<p>Finalmente, el decano del ICAM dedic\u00f3 un agradecimiento especial a <strong>F\u00e9lix de Luis<\/strong>, colegiado del ICAM, por su labor constante de conexi\u00f3n con la abogac\u00eda asi\u00e1tica y su \u201cesp\u00edritu de constructor de puentes\u201d, que encarna el esp\u00edritu de la conferencia.<\/p>\n<p><strong>Sobre la IPBA<\/strong><\/p>\n<p>La Inter-Pacific Bar Association (IPBA) es una asociaci\u00f3n internacional de abogados especializados en derecho mercantil y de los negocios que residen en, o tienen un fuerte inter\u00e9s por, la regi\u00f3n de Asia-Pac\u00edfico (a veces denominada simplemente \u201cla Regi\u00f3n\u201d).<br \/>Fue fundada en abril de 1991 durante una conferencia constitutiva celebrada en Tokio, a la que asistieron m\u00e1s de 500 abogados procedentes de pa\u00edses de la regi\u00f3n de Asia-Pac\u00edfico. Desde entonces, la IPBA ha crecido hasta convertirse en la principal asociaci\u00f3n jur\u00eddica de la regi\u00f3n, con una membres\u00eda internacional de m\u00e1s de 1.500 abogados de m\u00e1s de 65 jurisdicciones de todo el mundo.<\/p>\n","protected":false},"excerpt":{"rendered":"Bajo el lema \u201cBridging Four Regions: Africa, Asia, Europe and Latin America\u201d, la Inter-Pacific Bar Association (IPBA) ha&hellip;\n","protected":false},"author":2,"featured_media":150370,"comment_status":"","ping_status":"","sticky":false,"template":"","format":"standard","meta":{"footnotes":""},"categories":[5],"tags":[17,18,25,24,13,14,11,19,20,9,10,15,16,23,12,21,22],"class_list":{"0":"post-150369","1":"post","2":"type-post","3":"status-publish","4":"format-standard","5":"has-post-thumbnail","7":"category-titulares","8":"tag-breaking-news","9":"tag-breakingnews","10":"tag-es","11":"tag-espana","12":"tag-featured-news","13":"tag-featurednews","14":"tag-headlines","15":"tag-latest-news","16":"tag-latestnews","17":"tag-news","18":"tag-noticias","19":"tag-noticias-destacadas","20":"tag-noticiasdestacadas","21":"tag-spain","22":"tag-titulares","23":"tag-ultimas-noticias","24":"tag-ultimasnoticias"},"share_on_mastodon":{"url":"","error":""},"_links":{"self":[{"href":"https:\/\/www.europesays.com\/es\/wp-json\/wp\/v2\/posts\/150369","targetHints":{"allow":["GET"]}}],"collection":[{"href":"https:\/\/www.europesays.com\/es\/wp-json\/wp\/v2\/posts"}],"about":[{"href":"https:\/\/www.europesays.com\/es\/wp-json\/wp\/v2\/types\/post"}],"author":[{"embeddable":true,"href":"https:\/\/www.europesays.com\/es\/wp-json\/wp\/v2\/users\/2"}],"replies":[{"embeddable":true,"href":"https:\/\/www.europesays.com\/es\/wp-json\/wp\/v2\/comments?post=150369"}],"version-history":[{"count":0,"href":"https:\/\/www.europesays.com\/es\/wp-json\/wp\/v2\/posts\/150369\/revisions"}],"wp:featuredmedia":[{"embeddable":true,"href":"https:\/\/www.europesays.com\/es\/wp-json\/wp\/v2\/media\/150370"}],"wp:attachment":[{"href":"https:\/\/www.europesays.com\/es\/wp-json\/wp\/v2\/media?parent=150369"}],"wp:term":[{"taxonomy":"category","embeddable":true,"href":"https:\/\/www.europesays.com\/es\/wp-json\/wp\/v2\/categories?post=150369"},{"taxonomy":"post_tag","embeddable":true,"href":"https:\/\/www.europesays.com\/es\/wp-json\/wp\/v2\/tags?post=150369"}],"curies":[{"name":"wp","href":"https:\/\/api.w.org\/{rel}","templated":true}]}}