{"id":150399,"date":"2025-10-01T09:53:11","date_gmt":"2025-10-01T09:53:11","guid":{"rendered":"https:\/\/www.europesays.com\/es\/150399\/"},"modified":"2025-10-01T09:53:11","modified_gmt":"2025-10-01T09:53:11","slug":"cierran-la-fiesta-de-la-cerveza-de-munich-por-un-incendio-y-una-explosion","status":"publish","type":"post","link":"https:\/\/www.europesays.com\/es\/150399\/","title":{"rendered":"Cierran la Fiesta de la Cerveza de M\u00fanich por un incendio y una explosi\u00f3n"},"content":{"rendered":"<p>    <img src=\"https:\/\/www.europesays.com\/es\/wp-content\/uploads\/2025\/10\/2025-10-01T093A063A43Z-90096886.jpg\" width=\"1024\" height=\"683\" alt=\"\" loading=\"eager\" decoding=\"sync\" fetchpriority=\"high\"\/><\/p>\n<p>            afp_tickers        <\/p>\n<p>        Este contenido fue publicado en    <\/p>\n<p>        01 octubre 2025 &#8211; 11:06\n<\/p>\n<p>La c\u00e9lebre Fiesta de la Cerveza de M\u00fanich, en Alemania, tuvo que cerrar temporalmente este mi\u00e9rcoles a causa de un incendio seguido de una explosi\u00f3n en el norte de la ciudad, en donde hubo un muerto, seg\u00fan la polic\u00eda.<\/p>\n<p>La polic\u00eda dijo haber descubierto artefactos explosivos en un edificio residencial del norte de M\u00fanich, donde se produjo el incidente.<\/p>\n<p>Igualmente, est\u00e1 investigando un posible nexo con la \u2018Oktoberfest\u2019, que se celebra cerca del centro de la capital de Bavaria.<\/p>\n<p>\u00abLa Fiesta de la Cerveza permanecer\u00e1 cerrada provisionalmente hasta las 17H00 (15H00 GMT) a causa de un aviso de bomba, relacionado con una explosi\u00f3n en el norte de M\u00fanich\u00bb, indic\u00f3 el Oktoberfest en su portal web.<\/p>\n<p>\u00abSeg\u00fan los primeros elementos de la investigaci\u00f3n, el edificio residencial fue incendiado tras una disputa familiar\u00bb, indic\u00f3 la polic\u00eda.<\/p>\n<p>En el lugar de los hechos se encontr\u00f3 a una persona herida, que luego falleci\u00f3. Otra personna est\u00e1 en paradero desconocido.<\/p>\n<p>El evento, que este a\u00f1o tiene lugar del 20 de septiembre al 5 de octubre, es considerado como la mayor feria del mundo. En 2024 recibi\u00f3 a 6,7 millones de visitantes.<\/p>\n<p>clp\/avl\/mas<\/p>\n","protected":false},"excerpt":{"rendered":"afp_tickers Este contenido fue publicado en 01 octubre 2025 &#8211; 11:06 La c\u00e9lebre Fiesta de la Cerveza de&hellip;\n","protected":false},"author":2,"featured_media":150400,"comment_status":"","ping_status":"","sticky":false,"template":"","format":"standard","meta":{"footnotes":""},"categories":[42],"tags":[17,18,5797,637,638,13,14,5595,45719,11,36193,61,62,63,64,19,20,7657,17067,15805,3770,9,10,15,16,1384,90,12,15746,21,22,65,66,67],"class_list":{"0":"post-150399","1":"post","2":"type-post","3":"status-publish","4":"format-standard","5":"has-post-thumbnail","7":"category-internacional","8":"tag-breaking-news","9":"tag-breakingnews","10":"tag-culture","11":"tag-disaster","12":"tag-disaster-general","13":"tag-featured-news","14":"tag-featurednews","15":"tag-fire","16":"tag-gastronomy","17":"tag-headlines","18":"tag-hobby","19":"tag-internacional","20":"tag-international","21":"tag-international-news","22":"tag-internationalnews","23":"tag-latest-news","24":"tag-latestnews","25":"tag-law-and-order","26":"tag-law-enforcement","27":"tag-leisure-general","28":"tag-lifestyle","29":"tag-news","30":"tag-noticias","31":"tag-noticias-destacadas","32":"tag-noticiasdestacadas","33":"tag-police","34":"tag-ticker","35":"tag-titulares","36":"tag-tourism","37":"tag-ultimas-noticias","38":"tag-ultimasnoticias","39":"tag-world","40":"tag-world-news","41":"tag-worldnews"},"share_on_mastodon":{"url":"","error":""},"_links":{"self":[{"href":"https:\/\/www.europesays.com\/es\/wp-json\/wp\/v2\/posts\/150399","targetHints":{"allow":["GET"]}}],"collection":[{"href":"https:\/\/www.europesays.com\/es\/wp-json\/wp\/v2\/posts"}],"about":[{"href":"https:\/\/www.europesays.com\/es\/wp-json\/wp\/v2\/types\/post"}],"author":[{"embeddable":true,"href":"https:\/\/www.europesays.com\/es\/wp-json\/wp\/v2\/users\/2"}],"replies":[{"embeddable":true,"href":"https:\/\/www.europesays.com\/es\/wp-json\/wp\/v2\/comments?post=150399"}],"version-history":[{"count":0,"href":"https:\/\/www.europesays.com\/es\/wp-json\/wp\/v2\/posts\/150399\/revisions"}],"wp:featuredmedia":[{"embeddable":true,"href":"https:\/\/www.europesays.com\/es\/wp-json\/wp\/v2\/media\/150400"}],"wp:attachment":[{"href":"https:\/\/www.europesays.com\/es\/wp-json\/wp\/v2\/media?parent=150399"}],"wp:term":[{"taxonomy":"category","embeddable":true,"href":"https:\/\/www.europesays.com\/es\/wp-json\/wp\/v2\/categories?post=150399"},{"taxonomy":"post_tag","embeddable":true,"href":"https:\/\/www.europesays.com\/es\/wp-json\/wp\/v2\/tags?post=150399"}],"curies":[{"name":"wp","href":"https:\/\/api.w.org\/{rel}","templated":true}]}}