{"id":150405,"date":"2025-10-01T09:56:09","date_gmt":"2025-10-01T09:56:09","guid":{"rendered":"https:\/\/www.europesays.com\/es\/150405\/"},"modified":"2025-10-01T09:56:09","modified_gmt":"2025-10-01T09:56:09","slug":"tao-gey-emparan-en-el-7-ideal-de-la-3a-jornada-de-la-asobal","status":"publish","type":"post","link":"https:\/\/www.europesays.com\/es\/150405\/","title":{"rendered":"Tao Gey-Emparan, en el 7 Ideal de la 3\u00aa jornada de la Asobal"},"content":{"rendered":"<p>El extremo derecho del Recoletas Tao Gey-Emparan ha sido incluido en el 7 Ideal de la jornada 3 de la Liga Nexus Energ\u00eda Asobal. El vasco-franc\u00e9s fue una de las claves del triunfo del Recoletas ante el Sanicentro BM Guadalajara el pasado s\u00e1bado por 32-22. Es el primer jugador en la temporada 25-26 del cuadro pucelano que es elegido entre los mejores de la semana.<\/p>\n<p>El equipo de David Pisonero se est\u00e1 mostrando nuevamente muy s\u00f3lido como local en este inicio de liga.\u00a0Dos partidos dos victorias en Huerta del Rey\u00a0y adem\u00e1s por la misma cantidad de goles 10, que le suponen un rico bot\u00edn para su casillero de tantos a favor de cara a posibles empates en el futuro y que le han aupado actualmente hasta el 5\u00ba lugar en la clasificaci\u00f3n con 4 puntos. A nivel individual, uno de los jugadores del Recoletas que est\u00e1 brillando en este inicio de liga es Tao Gey-Emparan.<\/p>\n<p>El extremo derecho galo se incorpor\u00f3 al equipo castellano este curso procedente del Irudek Bidasoa Irun y ya destac\u00f3 en la pretemporada como uno de los mejores anotadores del Recoletas, fue 3\u00ba con 21 dianas en 8 choques, lo que est\u00e1 refrendando en este inicio de competici\u00f3n siendo el\u00a0segundo m\u00e1ximo realizador del cuadro castellano\u00a0con 12 tantos (4 de promedio), s\u00f3lo superado por el portugu\u00e9s Gustavo Oliveira (19).<\/p>\n<p>Adem\u00e1s de su aportaci\u00f3n en el juego en transici\u00f3n y su efectividad en la circulaci\u00f3n desde el extremo, Gey-Emparan de 21 a\u00f1os y 1,75 de estatura, se est\u00e1 mostrando\u00a0muy fiable desde los siete metros, ya que tambi\u00e9n es el segundo jugador de la plantilla con m\u00e1s lanzamientos exitosos. Tao luce una estad\u00edstica sin fallo, 4 goles de 4 intentos, al que s\u00f3lo supera Jorge Serrano en anotaci\u00f3n desde esa distancia con 5 convertidos de 8 lanzamientos. Para redondear su aportaci\u00f3n, el extremo galo a\u00f1ade 1 asistencia.<\/p>\n<p>Gey-Emparan comparte nominaci\u00f3n en esta jornada 3 de liga, entre otros jugadores, con su ex compa\u00f1ero, el guardameta argentino Leo Maciel, que ha superado por poco en la nominaci\u00f3n a mejor portero de la jornada a su compatriota y cancerbero del Recoletas\u00a0Juan Manuel Bar, quien se ha aupado al segundo lugar de la competici\u00f3n liguera en su puesto atesorando 31 paradas de 86 lanzamientos para un 36,05% de efectividad, con una m\u00e1xima de 15 en la jornada inaugural ante el Bada Huesca y 13 frente al Sanicentro BM Guadalajara en su \u00faltima actuaci\u00f3n.<\/p>\n<p>Para concluir y en cuanto al par\u00e1metro de asistencias,\u00a0Alejandro\u00a0Pisonero y Oliveira\u00a0son los mejores del Recoletas por el momento con 5 pases de gol cada uno.<\/p>\n","protected":false},"excerpt":{"rendered":"El extremo derecho del Recoletas Tao Gey-Emparan ha sido incluido en el 7 Ideal de la jornada 3&hellip;\n","protected":false},"author":2,"featured_media":150406,"comment_status":"","ping_status":"","sticky":false,"template":"","format":"standard","meta":{"footnotes":""},"categories":[278],"tags":[376,1937,3140,168,25,24,375,23,167],"class_list":{"0":"post-150405","1":"post","2":"type-post","3":"status-publish","4":"format-standard","5":"has-post-thumbnail","7":"category-balonmano","8":"tag-balonmano","9":"tag-balonmano-guadalajara","10":"tag-david-pisonero","11":"tag-deportes","12":"tag-es","13":"tag-espana","14":"tag-handball","15":"tag-spain","16":"tag-sports"},"share_on_mastodon":{"url":"","error":""},"_links":{"self":[{"href":"https:\/\/www.europesays.com\/es\/wp-json\/wp\/v2\/posts\/150405","targetHints":{"allow":["GET"]}}],"collection":[{"href":"https:\/\/www.europesays.com\/es\/wp-json\/wp\/v2\/posts"}],"about":[{"href":"https:\/\/www.europesays.com\/es\/wp-json\/wp\/v2\/types\/post"}],"author":[{"embeddable":true,"href":"https:\/\/www.europesays.com\/es\/wp-json\/wp\/v2\/users\/2"}],"replies":[{"embeddable":true,"href":"https:\/\/www.europesays.com\/es\/wp-json\/wp\/v2\/comments?post=150405"}],"version-history":[{"count":0,"href":"https:\/\/www.europesays.com\/es\/wp-json\/wp\/v2\/posts\/150405\/revisions"}],"wp:featuredmedia":[{"embeddable":true,"href":"https:\/\/www.europesays.com\/es\/wp-json\/wp\/v2\/media\/150406"}],"wp:attachment":[{"href":"https:\/\/www.europesays.com\/es\/wp-json\/wp\/v2\/media?parent=150405"}],"wp:term":[{"taxonomy":"category","embeddable":true,"href":"https:\/\/www.europesays.com\/es\/wp-json\/wp\/v2\/categories?post=150405"},{"taxonomy":"post_tag","embeddable":true,"href":"https:\/\/www.europesays.com\/es\/wp-json\/wp\/v2\/tags?post=150405"}],"curies":[{"name":"wp","href":"https:\/\/api.w.org\/{rel}","templated":true}]}}