{"id":150444,"date":"2025-10-01T10:24:18","date_gmt":"2025-10-01T10:24:18","guid":{"rendered":"https:\/\/www.europesays.com\/es\/150444\/"},"modified":"2025-10-01T10:24:18","modified_gmt":"2025-10-01T10:24:18","slug":"pogacar-sigue-arrasando-en-el-ranking-mundial-de-la-uci","status":"publish","type":"post","link":"https:\/\/www.europesays.com\/es\/150444\/","title":{"rendered":"Pogacar sigue arrasando en el ranking mundial de la UCI"},"content":{"rendered":"<p data-gtm-element-container=\"modulo-texto-link\" class=\"paragraph\">Acabado el Mundial de Ruanda, este martes tocaba actualizaci\u00f3n del <strong>ranking universal de la UCI<\/strong>. Todo ello con una premisa clara de partida:<strong> Tadej Pogacar<\/strong> iba a seguir siendo el indiscutible dominador de la clasificaci\u00f3n.<\/p>\n<p data-gtm-element-container=\"modulo-texto-link\" class=\"paragraph\">El esloveno, flamante campe\u00f3n del mundo el pasado domingo en la prueba en l\u00ednea, <strong>defiende con \u00e9xito su maillot arco\u00edris y por ello deja fijados los 11.430 puntos <\/strong>que ya ten\u00eda desde la semana anterior, cuando ya se le sumaron los del cuarto puesto en la contrarreloj. El esloveno sustituye este lunes los puntos de su t\u00edtulo mundial de 2024 por los de 2025.<\/p>\n<p>        Lee tambi\u00e9n<\/p>\n<p>    Celes Piedrabuena<\/p>\n<p>             <img loading=\"lazy\" decoding=\"async\" data-full-src=\"https:\/\/www.mundodeportivo.com\/uploads\/2025\/09\/28\/68d95a9574476.jpeg\" alt=\"El esloveno Tadej Pogacar (27 a\u00f1os) ha dado una nueva exhibici\u00f3n y ha revalidado el t\u00edtulo de campe\u00f3n del mundo en ruta sobre un dur\u00edsimo trazado\" src=\"https:\/\/www.europesays.com\/es\/wp-content\/uploads\/2025\/10\/68d95a9574476.jpeg\" class=\"lazy\" width=\"104\" height=\"108\"\/><\/p>\n<p>        Lee tambi\u00e9n<\/p>\n<p>    Celes Piedrabuena<\/p>\n<p>             <img loading=\"lazy\" decoding=\"async\" data-full-src=\"https:\/\/www.mundodeportivo.com\/uploads\/2025\/09\/28\/68d984b964000.jpeg\" alt=\"Pogacar celebr\u00f3 su segundo t\u00edtulo seguido de campe\u00f3n del mundo\" src=\"https:\/\/www.europesays.com\/es\/wp-content\/uploads\/2025\/10\/68d984b964000.r_d.994-611.jpeg\" class=\"lazy\" width=\"104\" height=\"108\"\/><\/p>\n<p>        Lee tambi\u00e9n<\/p>\n<p>    Celes Piedrabuena<\/p>\n<p>             <img loading=\"lazy\" decoding=\"async\" data-full-src=\"https:\/\/www.mundodeportivo.com\/uploads\/2025\/09\/28\/68d954f8c4be5.jpeg\" alt=\"Juan Ayuso en carrera\" src=\"https:\/\/www.europesays.com\/es\/wp-content\/uploads\/2025\/10\/68d954f8c4be5.r_d.512-341.jpeg\" class=\"lazy\" width=\"104\" height=\"108\"\/><\/p>\n<p data-gtm-element-container=\"modulo-texto-link\" class=\"paragraph\">Acabado el grueso de la temporada, pero todav\u00eda con el Campeonato de Europa de esta semana y del Giro de Lombard\u00eda pendientes, <strong>Pogacar pr\u00e1cticamente dobla a su inmediato perseguidor, Jonas Vingegaard.<\/strong> El dan\u00e9s suma 5944,14 puntos, por delante de los 5164,45 de <strong>Mads Pedersen<\/strong>, y sigue muy lejos del l\u00edder.<\/p>\n<p data-gtm-element-container=\"modulo-texto-link\" class=\"paragraph\">Hay tres cambios en el top10. El m\u00e1s significativo es el del ascenso de<strong> Isaac del Toro<\/strong>, que sube del sexto al cuarto puesto del ranking tras su s\u00e9ptimo puesto en la prueba en l\u00ednea del Mundial. Acumula 4504 puntos y supera los 4331,07 de su compa\u00f1ero del Emirates <strong>Joao Almeida<\/strong>. El segundo cambio es el ascenso a la sexta plaza de <strong>Remco Evenepoel<\/strong>, quien tras su t\u00edtulo mundial en la contrarreloj suma a su contador su segunda posici\u00f3n en la prueba en l\u00ednea. Acumula 3858 puntos.<\/p>\n<p>As\u00ed queda el ranking mundial de la UCI<\/p>\n<p class=\"module-text\">1. Tadej Pogacar (Eslovenia\/UAE Emirates) 11430 puntos<br \/>\u200b2. Jonas Vingegaard (Dinamarca\/Visma-Lease a Bike) 5944,14<br \/>\u200b3. Mads Pedersen (Dinamarca\/Lidl-Trek) 5164,45<br \/>\u200b4. Isaac del Toro (M\u00e9xico\/UAE Emirates) 4504<br \/>\u200b5. Joao Almeida (Portugal\/UAE Emirates) 4331,07<br \/>\u200b6. Remco Evenepoel (B\u00e9lgica\/Soudal Quick-Step) 3858<br \/>\u200b7. Mathieu van der Poel (Pa\u00edses Bajos\/Alpecin-Deceuninck) 3843<br \/>\u200b8. Thomas Pidcock (Gran Breta\u00f1a\/Q36.5 Pro Cycling) 3636,38<br \/>\u200b9. Giulio Ciccone (Italia\/Lidl-Trek) 3277,88<br \/>10. Oscar Onley (Gran Breta\u00f1a\/Picnic PostNL) 3132<br \/>11. Wout van Aert (B\u00e9lgica\/Visma-Lease a Bike) 2908<br \/>12. Arnaud de Lie (B\u00e9lgica\/Lotto) 2841<br \/>13. Ben Healy (Irlanda\/EF Education-EasyPost)\u00a0 2759<br \/>14. Jasper Philipsen (B\u00e9lgica\/Alpecin-Deceuninck) 2748<br \/>15. Florian Lipowitz (Alemania\/Red Bull-Bora-hansgrohe) 2557<br \/><strong>16. Juan Ayuso (Espa\u00f1a\/UAE Emirates) 2512,5\u00a0<\/strong><\/p>\n<p data-gtm-element-container=\"modulo-texto-link\" class=\"paragraph\">El gran perjudicado es<strong> Mathieu van der Poel<\/strong>. El neerland\u00e9s, ausente en un Mundial con un recorrido muy duro, baja a la s\u00e9ptima plaza con 3843 puntos, por delante de los 3626,39 de<strong> Tom Pidcock. Giulio Ciccone<\/strong>, con 3277,88, adelanta a un <strong>Oscar Onley<\/strong> (3132) que cierra el top10. Por su parte, <strong>Juan Ayuso<\/strong> gana una plaza y se sit\u00faa como mejor espa\u00f1ol, decimosexto con 2512,50 puntos.<\/p>\n","protected":false},"excerpt":{"rendered":"Acabado el Mundial de Ruanda, este martes tocaba actualizaci\u00f3n del ranking universal de la UCI. Todo ello con&hellip;\n","protected":false},"author":2,"featured_media":150445,"comment_status":"","ping_status":"","sticky":false,"template":"","format":"standard","meta":{"footnotes":""},"categories":[273],"tags":[313,312,168,25,24,23,167],"class_list":{"0":"post-150444","1":"post","2":"type-post","3":"status-publish","4":"format-standard","5":"has-post-thumbnail","7":"category-ciclismo","8":"tag-ciclismo","9":"tag-cycling","10":"tag-deportes","11":"tag-es","12":"tag-espana","13":"tag-spain","14":"tag-sports"},"share_on_mastodon":{"url":"","error":""},"_links":{"self":[{"href":"https:\/\/www.europesays.com\/es\/wp-json\/wp\/v2\/posts\/150444","targetHints":{"allow":["GET"]}}],"collection":[{"href":"https:\/\/www.europesays.com\/es\/wp-json\/wp\/v2\/posts"}],"about":[{"href":"https:\/\/www.europesays.com\/es\/wp-json\/wp\/v2\/types\/post"}],"author":[{"embeddable":true,"href":"https:\/\/www.europesays.com\/es\/wp-json\/wp\/v2\/users\/2"}],"replies":[{"embeddable":true,"href":"https:\/\/www.europesays.com\/es\/wp-json\/wp\/v2\/comments?post=150444"}],"version-history":[{"count":0,"href":"https:\/\/www.europesays.com\/es\/wp-json\/wp\/v2\/posts\/150444\/revisions"}],"wp:featuredmedia":[{"embeddable":true,"href":"https:\/\/www.europesays.com\/es\/wp-json\/wp\/v2\/media\/150445"}],"wp:attachment":[{"href":"https:\/\/www.europesays.com\/es\/wp-json\/wp\/v2\/media?parent=150444"}],"wp:term":[{"taxonomy":"category","embeddable":true,"href":"https:\/\/www.europesays.com\/es\/wp-json\/wp\/v2\/categories?post=150444"},{"taxonomy":"post_tag","embeddable":true,"href":"https:\/\/www.europesays.com\/es\/wp-json\/wp\/v2\/tags?post=150444"}],"curies":[{"name":"wp","href":"https:\/\/api.w.org\/{rel}","templated":true}]}}