{"id":150513,"date":"2025-10-01T11:10:08","date_gmt":"2025-10-01T11:10:08","guid":{"rendered":"https:\/\/www.europesays.com\/es\/150513\/"},"modified":"2025-10-01T11:10:08","modified_gmt":"2025-10-01T11:10:08","slug":"listado-oficial-de-ciclistas-inscritas-en-la-contrarreloj-elite-femenina-del-campeonato-de-europa-2025-ciclismo","status":"publish","type":"post","link":"https:\/\/www.europesays.com\/es\/150513\/","title":{"rendered":"Listado oficial de ciclistas inscritas en la contrarreloj \u00e9lite femenina del Campeonato de Europa 2025 &#8211; Ciclismo"},"content":{"rendered":"<ol>\n<li><a href=\"https:\/\/news.google.com\/rss\/articles\/CBMiakFVX3lxTE15Yk05ZDRMczd5ejFhNktmMGEtVlJVRi1MaW9zemVSUHNFOGluMm55YXpBUGo0TXIwV014VF9tcGlvNThtNWR2VzVMbXV0WVNPTmNNVHFPTlhIdkgxVWpnNC1VY1duTzNmbUE?oc=5\" target=\"_blank\" rel=\"nofollow noopener\">Listado oficial de ciclistas inscritas en la contrarreloj \u00e9lite femenina del Campeonato de Europa 2025<\/a>&nbsp;&nbsp;Ciclismo<\/li>\n<li><a href=\"https:\/\/news.google.com\/rss\/articles\/CBMif0FVX3lxTE1WRG5sWmV2RnZuVWxuX2IwWWtKZVkxSU5jSlRsSzE0QXAxZ2VHUElBX0NNbTZielZ5amV4RlZaLW9NdkJQOHA4ZHJoNXV6RG9fQVNHODRjb0Q3NVdQeDg3dEpIeW1jYklxM1dHelpRYXlPelcweVltU2kyZmlBMTQ?oc=5\" target=\"_blank\" rel=\"nofollow noopener\">Esta vez el Campeonato de Europa de Ciclismo llega con cartelazo<\/a>&nbsp;&nbsp;joanseguidor.com<\/li>\n<li><a href=\"https:\/\/news.google.com\/rss\/articles\/CBMixwFBVV95cUxPMk9VbDh3V3lyRy1sM2ZUUE4xdUFoQ0NQcklmRlhTOTFPc19DdXN1UkhUdXJEWTgyYlZPSjVxZlZaeGRxWHF2VVZzT09sS28xbkdFbFpqc2lfbjV2cVgwLWg0TEdrNGJENkxCOG1EU3BzNUtiV0kwVDlYUXR1WXVuR3BnOGJLN2g0OTNXZWlyelQ5SjNjRmxtX2dfNHNoeGR4bmppVGdQc1VSVjNaVmdUUGxiNFlBSEpJSURsa1hKbFZEaDhxSzc4?oc=5\" target=\"_blank\" rel=\"nofollow noopener\">Pogacar y Evenepoel se citan de nuevo en los Europeos que comienzan este mi\u00e9rcoles<\/a>&nbsp;&nbsp;naiz:<\/li>\n<li><a href=\"https:\/\/news.google.com\/rss\/articles\/CBMiogFBVV95cUxOWFpqNnFiSjlWOU1mMUE5Z1lvdEt3NWw4NGxfUkVLSms2NThLRnAzZEV2cTBTTU5KclRQdjNlV21ELV9xbzVJVTRJeGh5dXlmN2NSY1ZLZ0l4VWdpZHF2bEthZ21RaG05RklxOHpuU28xUFBkT1ZMQWszYlJrZndTZW11TXBFcDV2bUlsTkwtSkNWa2pJcEFzbm9Kd1ZrQ2hWbkHSAbYBQVVfeXFMTkd2YXRYSjFCdkhMNzZHcG9GNURlQjgwTTJMOGxSZ01UWjM3VHNLTWx4bEJrdTQ4MlRCRHphWU02OEZwbU9mekZzbnB4Q1UxUnRxY2ZyTXpvOWhHcWFOQXZ3Nkx0SmJBVGh0Rm4waHNFaE9NNmZscnBlbVVnMldQb1VMWVpzc1dVQnFUcGVtaWtkNlM1UzJVZkxXMF9KeGJkWnBQamxOdmZ1eUh1NmlyWE4tLWFXV0E?oc=5\" target=\"_blank\" rel=\"nofollow noopener\">De Ruanda a Francia: la crono marca el inicio de los Europeos<\/a>&nbsp;&nbsp;Diario AS<\/li>\n<li><a href=\"https:\/\/news.google.com\/rss\/articles\/CBMi5gJBVV95cUxObGtiWXpZNmlCNF95OExoVlRBMzBDRmRQd25lRWhFalg2cC00cmVYeFMxSnpaa2ZtbUUybWxmb3BzSnZsVVJsQ2lxaHpmQ3lvaDVWbjMwTHZGM1BFNGh3NmVCYTNFM29oSkJ3M1Jsc0hzVGpuTWxVRHZ5S3FCRnA1Z0dZMHVvQnFudU8tbE1KZ0w4bVZFLXdkbTd5a2g2U3dPOW1jTHlwVjVzVHpSR1ZvMENxeUFTeEZsckMzZ3RqaS1aaDlNeG9uUDM3ZjB5SW9vaGJQS3BvY0lDbmNfZDllelQ3N1pxWUZxcVh6TEVoRnJweXNHcHQ2WXBvMzRqdUUtYXptVkdwMWFjNGdvRk5fVUZjc3JwZjA3VW9nRXNNNDRDRHNjVmowdHBiMFMyZDJQeG5rNnNJUjNNOFAxdU9zQXQzajVsWVZPNTlUMjhpMWlFdF9pSVdZblJuOFVJODllNU03Y2VR?oc=5\" target=\"_blank\" rel=\"nofollow noopener\">Evenepoel quiere ser campe\u00f3n de crono de todo ante Ganna, Almeida y compa\u00f1\u00eda (15:40, HBO MAX)<\/a>&nbsp;&nbsp;Eurosport<\/li>\n<\/ol>\n","protected":false},"excerpt":{"rendered":"Listado oficial de ciclistas inscritas en la contrarreloj \u00e9lite femenina del Campeonato de Europa 2025&nbsp;&nbsp;Ciclismo Esta vez el&hellip;\n","protected":false},"author":2,"featured_media":150514,"comment_status":"","ping_status":"","sticky":false,"template":"","format":"standard","meta":{"footnotes":""},"categories":[273],"tags":[45552,15288,313,2838,11218,312,1433,9978,168,1376,40342,45746,45553,1755,25,24,7179,700,5152,18425,10100,45745,11108,295,25856,9072,289,13098,2761,1965,23,167,1627],"class_list":{"0":"post-150513","1":"post","2":"type-post","3":"status-publish","4":"format-standard","5":"has-post-thumbnail","7":"category-ciclismo","8":"tag-ardeche","9":"tag-campeonato","10":"tag-ciclismo","11":"tag-ciclistas","12":"tag-contrarreloj","13":"tag-cycling","14":"tag-definitivo","15":"tag-departamentos","16":"tag-deportes","17":"tag-disputa","18":"tag-disputaran","19":"tag-disti","20":"tag-drome","21":"tag-elite","22":"tag-es","23":"tag-espana","24":"tag-este","25":"tag-europa","26":"tag-femenina","27":"tag-franceses","28":"tag-individual","29":"tag-inscritas","30":"tag-listado","31":"tag-miercoles","32":"tag-nacionalidades","33":"tag-octubre","34":"tag-oficial","35":"tag-orden","36":"tag-prueba","37":"tag-salida","38":"tag-spain","39":"tag-sports","40":"tag-total"},"share_on_mastodon":{"url":"","error":""},"_links":{"self":[{"href":"https:\/\/www.europesays.com\/es\/wp-json\/wp\/v2\/posts\/150513","targetHints":{"allow":["GET"]}}],"collection":[{"href":"https:\/\/www.europesays.com\/es\/wp-json\/wp\/v2\/posts"}],"about":[{"href":"https:\/\/www.europesays.com\/es\/wp-json\/wp\/v2\/types\/post"}],"author":[{"embeddable":true,"href":"https:\/\/www.europesays.com\/es\/wp-json\/wp\/v2\/users\/2"}],"replies":[{"embeddable":true,"href":"https:\/\/www.europesays.com\/es\/wp-json\/wp\/v2\/comments?post=150513"}],"version-history":[{"count":0,"href":"https:\/\/www.europesays.com\/es\/wp-json\/wp\/v2\/posts\/150513\/revisions"}],"wp:featuredmedia":[{"embeddable":true,"href":"https:\/\/www.europesays.com\/es\/wp-json\/wp\/v2\/media\/150514"}],"wp:attachment":[{"href":"https:\/\/www.europesays.com\/es\/wp-json\/wp\/v2\/media?parent=150513"}],"wp:term":[{"taxonomy":"category","embeddable":true,"href":"https:\/\/www.europesays.com\/es\/wp-json\/wp\/v2\/categories?post=150513"},{"taxonomy":"post_tag","embeddable":true,"href":"https:\/\/www.europesays.com\/es\/wp-json\/wp\/v2\/tags?post=150513"}],"curies":[{"name":"wp","href":"https:\/\/api.w.org\/{rel}","templated":true}]}}