{"id":150518,"date":"2025-10-01T11:13:08","date_gmt":"2025-10-01T11:13:08","guid":{"rendered":"https:\/\/www.europesays.com\/es\/150518\/"},"modified":"2025-10-01T11:13:08","modified_gmt":"2025-10-01T11:13:08","slug":"el-bonito-reencuentro-de-aitor-ocio-con-su-novia-de-la-adolescencia","status":"publish","type":"post","link":"https:\/\/www.europesays.com\/es\/150518\/","title":{"rendered":"El bonito reencuentro de Aitor Ocio con su novia de la adolescencia"},"content":{"rendered":"<p>\n        <a href=\"https:\/\/www.deia.eus\/tags\/aitor-ocio\/\" title=\"Aitor Ocio\" class=\"link copy\" rel=\"nofollow noopener\" target=\"_blank\">Aitor Ocio<\/a> ha compartido recientemente en sus redes sociales<strong> un encuentro que ha realizado con antiguos compa\u00f1eros<\/strong> y, el que fue jugador del <a href=\"https:\/\/www.deia.eus\/athletic\/\" title=\"Athletic\" class=\"link copy\" rel=\"nofollow noopener\" target=\"_blank\">Athletic <\/a>a principios de este siglo, <strong>public\u00f3 una fotograf\u00eda con la que fue su novia de la adolescencia.<\/strong> \u00abNovios a los 17 y amigos a los 48\u00bb, apunta el exjugador rojiblanco.\n<\/p>\n<p class=\"article-body__text \">\n        Una publicaci\u00f3n que <strong>a\u00fana comentarios haciendo referencia a lo \u00abbonito\u00bb de la imagen o la \u00abpareja de guapos\u00bb que eran.<\/strong>\n<\/p>\n<p>  Aitor Ocio<\/p>\n<p class=\"article-body__text \">\n        <strong>Antes de que Aitor Ocio oficializase su retirada del f\u00fatbol profesional comenz\u00f3 su transici\u00f3n particular hacia el mundo empresarial. <\/strong>Tras m\u00e1s de una d\u00e9cada invirtiendo en nuevos establecimientos que tienen la firma del exjugador del Athletic \u2013Henao Wellness Clinic, S\u00b4Thai, Roi &amp;Co, entre otros\u2013, abri\u00f3 en marzo de este a\u00f1o un concepto \u00abrevolucionario\u00bb en el \u00e1mbito de la salud.\n<\/p>\n<p class=\"article-body__text \">\n        Se trata de Co+Medical, un coworking m\u00e9dico ubicado en Asua <strong>que abri\u00f3 sus puertas al p\u00fablico el 11 de marzo<\/strong>. Un proyecto con el que el exdefensa rojiblanco pretende redefinir el est\u00e1ndar de las consultas tradicionales y<strong> marcar un antes y un despu\u00e9s en la forma en la que los profesionales sanitarios ejercen su labor.<\/strong><\/p>\n","protected":false},"excerpt":{"rendered":"Aitor Ocio ha compartido recientemente en sus redes sociales un encuentro que ha realizado con antiguos compa\u00f1eros y,&hellip;\n","protected":false},"author":2,"featured_media":150519,"comment_status":"","ping_status":"","sticky":false,"template":"","format":"standard","meta":{"footnotes":""},"categories":[268],"tags":[14527,5036,168,25,24,280,282,6270,3799,20070,281,23,167],"class_list":{"0":"post-150518","1":"post","2":"type-post","3":"status-publish","4":"format-standard","5":"has-post-thumbnail","7":"category-futbol","8":"tag-aitor","9":"tag-bonito","10":"tag-deportes","11":"tag-es","12":"tag-espana","13":"tag-football","14":"tag-futbol","15":"tag-novia","16":"tag-ocio","17":"tag-reencuentro","18":"tag-soccer","19":"tag-spain","20":"tag-sports"},"share_on_mastodon":{"url":"","error":""},"_links":{"self":[{"href":"https:\/\/www.europesays.com\/es\/wp-json\/wp\/v2\/posts\/150518","targetHints":{"allow":["GET"]}}],"collection":[{"href":"https:\/\/www.europesays.com\/es\/wp-json\/wp\/v2\/posts"}],"about":[{"href":"https:\/\/www.europesays.com\/es\/wp-json\/wp\/v2\/types\/post"}],"author":[{"embeddable":true,"href":"https:\/\/www.europesays.com\/es\/wp-json\/wp\/v2\/users\/2"}],"replies":[{"embeddable":true,"href":"https:\/\/www.europesays.com\/es\/wp-json\/wp\/v2\/comments?post=150518"}],"version-history":[{"count":0,"href":"https:\/\/www.europesays.com\/es\/wp-json\/wp\/v2\/posts\/150518\/revisions"}],"wp:featuredmedia":[{"embeddable":true,"href":"https:\/\/www.europesays.com\/es\/wp-json\/wp\/v2\/media\/150519"}],"wp:attachment":[{"href":"https:\/\/www.europesays.com\/es\/wp-json\/wp\/v2\/media?parent=150518"}],"wp:term":[{"taxonomy":"category","embeddable":true,"href":"https:\/\/www.europesays.com\/es\/wp-json\/wp\/v2\/categories?post=150518"},{"taxonomy":"post_tag","embeddable":true,"href":"https:\/\/www.europesays.com\/es\/wp-json\/wp\/v2\/tags?post=150518"}],"curies":[{"name":"wp","href":"https:\/\/api.w.org\/{rel}","templated":true}]}}