{"id":150525,"date":"2025-10-01T11:18:15","date_gmt":"2025-10-01T11:18:15","guid":{"rendered":"https:\/\/www.europesays.com\/es\/150525\/"},"modified":"2025-10-01T11:18:15","modified_gmt":"2025-10-01T11:18:15","slug":"onda-poligono-inicia-hoy-su-nueva-programacion-2025-2026","status":"publish","type":"post","link":"https:\/\/www.europesays.com\/es\/150525\/","title":{"rendered":"Onda Pol\u00edgono inicia hoy su nueva programaci\u00f3n 2025-2026"},"content":{"rendered":"<p>Onda Pol\u00edgono, \u00abla radio libre y comunitaria de Toledo\u00bb, inicia este mi\u00e9rcoles, 1 de octubre, la nueva programaci\u00f3n de la temporada 2025-2026, en la que se han incorporado un buen n\u00famero de programas, tanto de producci\u00f3n propia como de otras radios y programas independientes.<\/p>\n<p>Este a\u00f1o inicia la temporada con 31 programas, de los que 14 son de producci\u00f3n propia y 17 provenientes de otras emisoras comunitarias, o de programas independientes.<\/p>\n<p>Programas culturales, musicales, de ciencia, de psicolog\u00eda, de deportes como la f\u00f3rmula 1 o la NBA, de relatos y poes\u00eda, de hosteler\u00eda y turismo, de cine cl\u00e1sico \u00abtoda una variedad de contenidos que han provocado que Onda Pol\u00edgono entre esta temporada en una nueva \u00f3rbita\u00bb, informa la emisora en nota de prensa.<\/p>\n<p>\u00abLa m\u00fasica sigue teniendo un peso importante en nuestra programaci\u00f3n, sobre todo en las horas nocturnas, con especial atenci\u00f3n al jazz, flamenco, blues y m\u00fasica neocl\u00e1sica actual\u00bb, han avanzado desde la emisora toledana.<\/p>\n<p>En las ma\u00f1anas se disfrutar\u00e1 de la m\u00fasica del recuerdo (de los a\u00f1os 60* a los 80) y en el horario de \u00abtardenoche\u00bb, se escuchar\u00e1 su \u00abparticular puzle\u00bb de programas que se puede consultar\u00a0www.ondapoligono.org\u00bb.<\/p>\n<p>Adem\u00e1s de la programaci\u00f3n habitual en este inicio de temporada en octubre, habr\u00e1 programas especiales: el 1 de octubre, de 19.00 a 20.00 horas; un programa especial de presentaci\u00f3n de la temporada el 27 de octubre, de 12.00 a 13.00 horas y adem\u00e1s, Ondas Cerebrales realiza un programa especial con motivo del D\u00eda Mundial del Da\u00f1o Cerebral Adquirido, que tendr\u00e1 lugar el 26 de octubre.<\/p>\n<p>El 29 de octubre, de 21.00 a 22.00 horas, uno sobre la Dana de Valencia, realizado por Radio Malva, sobre la recuperaci\u00f3n an\u00edmica del pueblo valenciano tras la cat\u00e1strofe sufrida hace justo un a\u00f1o.<\/p>\n","protected":false},"excerpt":{"rendered":"Onda Pol\u00edgono, \u00abla radio libre y comunitaria de Toledo\u00bb, inicia este mi\u00e9rcoles, 1 de octubre, la nueva programaci\u00f3n&hellip;\n","protected":false},"author":2,"featured_media":150526,"comment_status":"","ping_status":"","sticky":false,"template":"","format":"standard","meta":{"footnotes":""},"categories":[170],"tags":[119,177,146,147,25,24,11925,271,6799,723,184,185,1725,2052,1600,23,1952,4664,235],"class_list":{"0":"post-150525","1":"post","2":"type-post","3":"status-publish","4":"format-standard","5":"has-post-thumbnail","7":"category-musica","8":"tag-ciencia","9":"tag-cine","10":"tag-entertainment","11":"tag-entretenimiento","12":"tag-es","13":"tag-espana","14":"tag-flamenco","15":"tag-formula-1","16":"tag-hosteleria","17":"tag-jazz","18":"tag-music","19":"tag-musica","20":"tag-nba","21":"tag-poesia","22":"tag-psicologia","23":"tag-spain","24":"tag-toledo","25":"tag-turismo","26":"tag-valencia"},"share_on_mastodon":{"url":"","error":""},"_links":{"self":[{"href":"https:\/\/www.europesays.com\/es\/wp-json\/wp\/v2\/posts\/150525","targetHints":{"allow":["GET"]}}],"collection":[{"href":"https:\/\/www.europesays.com\/es\/wp-json\/wp\/v2\/posts"}],"about":[{"href":"https:\/\/www.europesays.com\/es\/wp-json\/wp\/v2\/types\/post"}],"author":[{"embeddable":true,"href":"https:\/\/www.europesays.com\/es\/wp-json\/wp\/v2\/users\/2"}],"replies":[{"embeddable":true,"href":"https:\/\/www.europesays.com\/es\/wp-json\/wp\/v2\/comments?post=150525"}],"version-history":[{"count":0,"href":"https:\/\/www.europesays.com\/es\/wp-json\/wp\/v2\/posts\/150525\/revisions"}],"wp:featuredmedia":[{"embeddable":true,"href":"https:\/\/www.europesays.com\/es\/wp-json\/wp\/v2\/media\/150526"}],"wp:attachment":[{"href":"https:\/\/www.europesays.com\/es\/wp-json\/wp\/v2\/media?parent=150525"}],"wp:term":[{"taxonomy":"category","embeddable":true,"href":"https:\/\/www.europesays.com\/es\/wp-json\/wp\/v2\/categories?post=150525"},{"taxonomy":"post_tag","embeddable":true,"href":"https:\/\/www.europesays.com\/es\/wp-json\/wp\/v2\/tags?post=150525"}],"curies":[{"name":"wp","href":"https:\/\/api.w.org\/{rel}","templated":true}]}}