{"id":150531,"date":"2025-10-01T11:21:08","date_gmt":"2025-10-01T11:21:08","guid":{"rendered":"https:\/\/www.europesays.com\/es\/150531\/"},"modified":"2025-10-01T11:21:08","modified_gmt":"2025-10-01T11:21:08","slug":"observan-las-primeras-huellas-del-parkinson-en-tejido-cerebral","status":"publish","type":"post","link":"https:\/\/www.europesays.com\/es\/150531\/","title":{"rendered":"Observan las \u2018primeras huellas\u2019 del p\u00e1rkinson en tejido cerebral"},"content":{"rendered":"<p>El hallazgo supone un avance en el conocimiento del desarrollo temprano de esta patolog\u00eda. Los detalles de la investigaci\u00f3n, liderada por la Universidad de Cambridge (Reino Unido), se publican en la revista\u00a0<a href=\"http:\/\/dx.doi.org\/10.1038\/s41551-025-01496-4\" target=\"_blank\" rel=\"noreferrer noopener nofollow\">Nature Biomedical Engineering<\/a>.<\/p>\n<p>\u201cDurante mucho tiempo se sospechaba que estos c\u00famulos estaban presentes, y este estudio ayuda a confirmarlo. Se trata de un paso importante, ya que poder verlos permite los investigadores comprendan c\u00f3mo contribuyen a la enfermedad\u201d, afirma <a href=\"https:\/\/www.agenciasinc.es\/Noticias\/Observan-por-primera-vez-las-primeras-huellas-del-parkinson-en-tejido-cerebral\" target=\"_blank\" rel=\"noreferrer noopener nofollow\">a SINC\u00a0<strong>Steven F. Lee<\/strong>,<\/a> investigador de la universidad brit\u00e1nico y autor principal del art\u00edculo.<\/p>\n<p>10 000 casos al a\u00f1o en Espa\u00f1a<\/p>\n<p>Seg\u00fan datos de 2024 de la\u00a0<a href=\"https:\/\/www.sen.es\/saladeprensa\/pdf\/Link474.pdf\" target=\"_blank\" rel=\"noreferrer noopener nofollow\">Sociedad Espa\u00f1ola de Neurolog\u00eda (SEN)<\/a>, Espa\u00f1a cuenta con\u00a0<strong>m\u00e1s de 200 000 personas afectadas<\/strong>\u00a0de p\u00e1rkinson y cada a\u00f1o se diagnostican alrededor de 10 000 casos nuevos. Un\u00a0<a href=\"https:\/\/www.bmj.com\/content\/388\/bmj-2024-080952\" target=\"_blank\" rel=\"noreferrer noopener nofollow\">estudio reciente<\/a>\u00a0tambi\u00e9n destaca que, a escala mundial, se prev\u00e9 que para 2050 se alcancen los 25 millones de casos. Aunque existen medicamentos que pueden aliviar algunos de sus s\u00edntomas, como los temblores y la rigidez, no hay ning\u00fan f\u00e1rmaco que pueda ralentizar o detener la enfermedad en s\u00ed.<\/p>\n<p>Durante m\u00e1s de un siglo, los m\u00e9dicos han reconocido esta enfermedad por la presencia de grandes dep\u00f3sitos de prote\u00ednas llamados\u00a0<a href=\"https:\/\/www.saludadiario.es\/hospital\/un-estudio-confirma-que-el-trastorno-del-sueno-de-la-fase-rem-es-el-precursor-de-enfermedades-neurodegenerativas-como-el-parkinson\/\" target=\"_blank\" rel=\"noreferrer noopener nofollow\"><strong>cuerpos de Lewy<\/strong>.<\/a><\/p>\n<p>\u201cLos cuerpos de Lewy son el sello distintivo del p\u00e1rkinson, pero b\u00e1sicamente indican\u00a0<strong>d\u00f3nde ha estado la enfermedad<\/strong>, no d\u00f3nde se encuentra en este momento\u201d, dice Lee. \u201cSi pudi\u00e9ramos observar la patolog\u00eda en sus primeras etapas, eso nos dir\u00eda mucho m\u00e1s sobre c\u00f3mo se desarrolla en el cerebro y c\u00f3mo podr\u00edamos tratarla\u201d.<\/p>\n<p>Esta es la diferencia con los c\u00famulos de la prote\u00edna alfa-sinucle\u00edna, que se forman antes y comienzan a causar da\u00f1os en las c\u00e9lulas cerebrales. Los datos sugieren que son responsables de parte del comienzo de la enfermedad de Parkinson. Sin embargo, son acumulaciones de apenas\u00a0<strong>unos nan\u00f3metros de largo<\/strong>\u00a0y muy dif\u00edciles de ver en tejido cerebral. Hasta ahora. \u00a0<a\/><\/p>\n<p>T\u00e9cnica para detectar se\u00f1ales diminutas<\/p>\n<p>Los investigadores desarrollaron una t\u00e9cnica de imagen que permite ver, contar y comparar estos olig\u00f3meros llamada<strong>\u00a0ASA-PD<\/strong>\u00a0(detecci\u00f3n avanzada de agregados para la enfermedad de Parkinson, por sus siglas en ingl\u00e9s). El m\u00e9todo utiliza microscop\u00eda de fluorescencia ultrasensible para detectar y analizar millones de olig\u00f3meros en tejido cerebral\u00a0post mortem.<\/p>\n<p>\u201cTuvimos que dise\u00f1ar nuevos instrumentos y m\u00e9todos capaces de captar estas diminutas se\u00f1ales. Es un poco como intentar ver las estrellas durante el d\u00eda: sabes que la luz de las estrellas est\u00e1 ah\u00ed, pero queda eclipsada por el brillo del cielo\u201d, se\u00f1ala Lee.<\/p>\n<p>El equipo examin\u00f3 muestras de tejido cerebral\u00a0post mortem\u00a0de personas con p\u00e1rkinson y las compar\u00f3 con las de personas sanas de edad similar. Descubrieron que los olig\u00f3meros existen tanto en cerebros sanos como en cerebros afectados. La principal diferencia entre los cerebros enfermos y los sanos era el tama\u00f1o de los olig\u00f3meros, que eran m\u00e1s grandes, m\u00e1s brillantes y\u00a0<strong>m\u00e1s numerosos<\/strong>\u00a0en las muestras enfermas, lo que sugiere una relaci\u00f3n directa con la progresi\u00f3n de la enfermedad.<\/p>\n<p>\u201cLos olig\u00f3meros han sido como agujas en un pajar, pero ahora que sabemos d\u00f3nde est\u00e1n esas agujas, podr\u00eda identificar tipos de c\u00e9lulas espec\u00edficos en determinadas regiones del cerebro\u201d, se\u00f1ala el investigador de la universidad brit\u00e1nica.<a\/><\/p>\n<p>Sin aplicaci\u00f3n cl\u00ednica inmediata<\/p>\n<p>Lee explica que, aunque este descubrimiento no es un tratamiento\u00a0<strong>ni actualmente se pueden detectar los c\u00famulos directamente en el cerebro<\/strong>, \u201cel hallazgo supone un importante avance en la comprensi\u00f3n de los primeros acontecimientos que pueden contribuir a la enfermedad de Parkinson\u201d.<\/p>\n<p>\u201cEl nuevo enfoque puede integrarse con m\u00e9todos establecidos para estudiar el ADN y el ARN, lo que ofrece una forma de identificar qu\u00e9 c\u00e9lulas muestran los primeros signos de la enfermedad y c\u00f3mo se desarrollan estos cambios. Estos conocimientos son una base esencial para el desarrollo eventual de nuevas estrategias terap\u00e9uticas\u201d, a\u00f1ade.<\/p>\n<p><strong>Michele Matarazzo<\/strong>, neur\u00f3logo especialista en enfermedad de Parkinson en el Centro Integral de Neurociencias HM Cinac y que no ha participado en el estudio, indica que es un descubrimiento de \u201cgran inter\u00e9s\u201d, pero desde un punto de vista m\u00e1s t\u00e9cnico que cl\u00ednico.<\/p>\n<p>\u201cLos resultados necesitan ser confirmados en cohortes independientes y comparados con otras enfermedades neurodegenerativas para verificar su especificidad. Es un avance muy relevante como herramienta de investigaci\u00f3n, aunque\u00a0<strong>sin aplicaci\u00f3n cl\u00ednica inmediata<\/strong>\u201d, detalla en declaraciones a SMC Espa\u00f1a.<\/p>\n<p>Lee es optimista y cree que la nueva t\u00e9cnica puede ayudar en la investigaci\u00f3n de otras patolog\u00edas. \u201cPuede aplicarse a otras prote\u00ednas implicadas en enfermedades neurodegenerativas como el\u00a0<strong>alzh\u00e9imer<\/strong>\u00a0o la<strong>\u00a0esclerosis lateral amiotr\u00f3fica (ELA)<\/strong>. Ampliar la perspectiva de esta manera es precisamente lo que pretendemos hacer a continuaci\u00f3n\u201d, concluye.<\/p>\n<p><strong>Referencia<\/strong>:<\/p>\n<p>Rebecca Andrews, Steven F. Lee\u00a0et al. Large-scale visualisation of \u03b1-synuclein oligomers in Parkinson\u2019s disease brain tissue.\u00a0<a target=\"_blank\" href=\"http:\/\/dx.doi.org\/10.1038\/s41551-025-01496-4\" rel=\"noreferrer noopener nofollow\">Nature Biomedical Engineering<\/a>\u00a0(2025).<\/p>\n<p><strong>Fuente:\u00a0<\/strong>SINC<\/p>\n","protected":false},"excerpt":{"rendered":"El hallazgo supone un avance en el conocimiento del desarrollo temprano de esta patolog\u00eda. Los detalles de la&hellip;\n","protected":false},"author":2,"featured_media":150532,"comment_status":"","ping_status":"","sticky":false,"template":"","format":"standard","meta":{"footnotes":""},"categories":[92],"tags":[2670,41604,25,24,165,11290,3351,166,23],"class_list":{"0":"post-150531","1":"post","2":"type-post","3":"status-publish","4":"format-standard","5":"has-post-thumbnail","7":"category-salud","8":"tag-cerebro","9":"tag-enfermedad-neurodegenerativa","10":"tag-es","11":"tag-espana","12":"tag-health","13":"tag-neuronas","14":"tag-parkinson","15":"tag-salud","16":"tag-spain"},"share_on_mastodon":{"url":"","error":""},"_links":{"self":[{"href":"https:\/\/www.europesays.com\/es\/wp-json\/wp\/v2\/posts\/150531","targetHints":{"allow":["GET"]}}],"collection":[{"href":"https:\/\/www.europesays.com\/es\/wp-json\/wp\/v2\/posts"}],"about":[{"href":"https:\/\/www.europesays.com\/es\/wp-json\/wp\/v2\/types\/post"}],"author":[{"embeddable":true,"href":"https:\/\/www.europesays.com\/es\/wp-json\/wp\/v2\/users\/2"}],"replies":[{"embeddable":true,"href":"https:\/\/www.europesays.com\/es\/wp-json\/wp\/v2\/comments?post=150531"}],"version-history":[{"count":0,"href":"https:\/\/www.europesays.com\/es\/wp-json\/wp\/v2\/posts\/150531\/revisions"}],"wp:featuredmedia":[{"embeddable":true,"href":"https:\/\/www.europesays.com\/es\/wp-json\/wp\/v2\/media\/150532"}],"wp:attachment":[{"href":"https:\/\/www.europesays.com\/es\/wp-json\/wp\/v2\/media?parent=150531"}],"wp:term":[{"taxonomy":"category","embeddable":true,"href":"https:\/\/www.europesays.com\/es\/wp-json\/wp\/v2\/categories?post=150531"},{"taxonomy":"post_tag","embeddable":true,"href":"https:\/\/www.europesays.com\/es\/wp-json\/wp\/v2\/tags?post=150531"}],"curies":[{"name":"wp","href":"https:\/\/api.w.org\/{rel}","templated":true}]}}