{"id":150539,"date":"2025-10-01T11:25:07","date_gmt":"2025-10-01T11:25:07","guid":{"rendered":"https:\/\/www.europesays.com\/es\/150539\/"},"modified":"2025-10-01T11:25:07","modified_gmt":"2025-10-01T11:25:07","slug":"anja-niedringhaus-la-fotografa-mas-humana-de-las-guerras","status":"publish","type":"post","link":"https:\/\/www.europesays.com\/es\/150539\/","title":{"rendered":"Anja Niedringhaus, la fotografa m\u00e1s humana de las guerras"},"content":{"rendered":"<p style=\"text-align:justify;\">Anja Niendringhaus fue una de las<strong> fotoperiodistas de guerra m\u00e1s reconocidas<\/strong> internacionalmente. Se abri\u00f3 paso entre sus compa\u00f1eros hombres y cubri\u00f3 junto a ellos los conflictos de los Balcanes, Irak, Libia o Afganist\u00e1n. Sus fotograf\u00edas,<strong> inquietantemente humanas,<\/strong> mostraron al mundo el <strong>alma sufriente<\/strong> del lado menos conocido de las guerras y, por ello, obtuvo el premio <strong>Pulitzer en 2005, <\/strong>junto a nueve compa\u00f1eros de su agencia. Su talento y personalidad se acabaron hace once a\u00f1os en <strong>un ataque en Afganist\u00e1n.<\/strong><\/p>\n<p><strong>Una fotoperiodista de raza<\/strong><\/p>\n<p style=\"text-align:justify;\">El 4 de abril de 2014, Anja y la reportera de la agencia AP, Kathy Gannon, viajaban hacia el sureste de Afganist\u00e1n, a la provincia de Khost para cubrir las elecciones presidenciales. Lo hac\u00edan bajo la protecci\u00f3n de soldados y polic\u00edas afganos. Esa parte del pa\u00eds era una <strong>zona segura para poder informar<\/strong> y contar una historia de forma diferente como a las dos les gustaba. <\/p>\n<p>Anja y Kathy posan con miembros de la seguridad afgana en el que fue el \u00faltimo viaje de la fotoperiodista alemana\u00a0\u00a9 Bildersturm Filmproduktion\/SWR\/DW<\/p>\n<p style=\"text-align:justify;\">Kathy recuerda que Anja \u201cquer\u00eda mostrar el esfuerzo que la gente hac\u00eda para llegar a las urnas\u201d. As\u00ed es como ella trabajaba, mostrando lo que a menudo no se ve. Sin embargo, esta vez no fue posible. <strong>Un atentado acab\u00f3 con su vida y dej\u00f3 gravemente herida a Kathy<\/strong>.  Al d\u00eda siguiente, los informativos se hac\u00edan eco del atentado. <\/p>\n<p style=\"text-align:justify;\">Hasta ese d\u00eda, Anja llevaba <strong>30 a\u00f1os con la c\u00e1mara <\/strong>colgada al hombro fotografiando otras realidades, no solo las b\u00e9licas. Fue una vocaci\u00f3n temprana. Su amiga y compa\u00f1era de estudios, Jutta Steinhoff, recuerda que Anja ya hab\u00eda publicado fotograf\u00edas para la prensa local cuando estaba en el instituto.<\/p>\n<p style=\"text-align:justify;\">Pocos a\u00f1os despu\u00e9s, <strong>en 1990, trabaj\u00f3 para la Agencia Europea de Fotograf\u00eda de Prensa<\/strong>. \u201cCreo que fue la primera mujer en la agencia\u201d, asegura su madre, Heide Ute Niedringhaus. Cuando salt\u00f3 el conflicto de los Balcanes sinti\u00f3 que deb\u00eda estar all\u00ed haciendo ese tipo de periodismo gr\u00e1fico. <\/p>\n<blockquote>\n<p>\u201cAl principio fue muy muy dif\u00edcil, fui con un compa\u00f1ero b\u00falgaro que no me aceptaba, no me hablaba\u201c<\/p>\n<\/blockquote>\n<p style=\"text-align:justify;\">En una entrevista para televisi\u00f3n en 2000, recordaba las dificultades que surgieron en la agencia ante la posibilidad de que una mujer cubriese conflictos armados. \u201cTard\u00e9 dos o tres meses en convencerlos\u201d, contaba y, cuando finalmente viaj\u00f3 a <a href=\"https:\/\/www.rtve.es\/noticias\/20080722\/sarajevo-ciudad-asediada-por-karadzic\/120150.shtml\" rel=\"nofollow noopener\" target=\"_blank\">Sarajevo<\/a>, \u201cal principio fue muy muy dif\u00edcil, fui con un compa\u00f1ero b\u00falgaro que no me aceptaba, no me hablaba\u201d. <\/p>\n<p>Anja retrat\u00f3 el miedo y la impotencia de la guerra como pocos\u00a0\u00a9 Bildersturm Filmproduktion\/SWR\/DW<\/p>\n<p style=\"text-align:justify;\">Santiago Lyon, amigo de Anja y exdirector de fotograf\u00eda de AP, se\u00f1ala que \u201cera inusual ver a mujeres periodistas en lugares como este\u201d.<strong> Anja rompi\u00f3 las barreras de una profesi\u00f3n eminentemente masculina <\/strong>y lo hizo desde una visi\u00f3n distinta a la de sus compa\u00f1eros hombres. \u201cFotografiar solo a soldados armados ya no me dice mucho, en realidad no me dice nada\u201d, hab\u00eda declarado. Despu\u00e9s de su \u00e9xito en la Agencia Europea de Fotograf\u00eda de Prensa, en 2002, ficha por Associated Press, la agencia m\u00e1s prestigiosa del mundo. <\/p>\n<p>Las fotograf\u00edas de Anja captaban a la perfecci\u00f3n todo aquello que pasa fuera del campo de batalla\u00a0\u00a9 Bildersturm Filmproduktion\/SWR\/DW<\/p>\n<p style=\"text-align:justify;\">Anja est\u00e1 presente en los conflictos b\u00e9licos de Irak, Libia o Afganist\u00e1n <strong>retratando el esp\u00edritu sufriente de las guerras <\/strong>que, muy a menudo, no suele ser noticia. Por algo, ella cumpl\u00eda con su m\u00e1xima, la de amar a las personas para poder fotografiarlas. \u201cEra una fot\u00f3grafa muy humana y eso es lo que se refleja en su trabajo\u201d, explica Lyon. Pronto, sus instant\u00e1neas ocuparon las<strong> portadas de los diarios y de las revistas<\/strong> m\u00e1s relevantes del mundo. <\/p>\n<p>Sus inquietantes im\u00e1genes reflejaban lo que los conflictos armados traen consigo\u00a0\u00a9 Bildersturm Filmproduktion\/SWR\/DW<\/p>\n<p><strong>Anja, la sonrisa de la guerra<\/strong><\/p>\n<p>Medios, lectores y compa\u00f1eros cayeron rendidos ante su trabajo. Era valiente y luchadora, una dura competencia. Michael Kamber, fot\u00f3grafo del New York Times, reconoce que, al principio, cuando coincid\u00eda con ella, dec\u00eda: \u201c\u00a1Oh Dios!, Anja est\u00e1 aqu\u00ed, \u00a1desastre!\u201d, porque cre\u00eda que \u201cel New York Times usar\u00eda sus fotos si eran mejores que las m\u00edas\u201d, confiesa Kamber. Pero, por encima de todo, la recuerda como \u201cuna aut\u00e9ntica profesional, alguien con quien quieres trabajar\u201d. <\/p>\n<p>Pap\u00e1 Noel felicita las Navidades a los soldados en Irak\u00a0\u00a9 Bildersturm Filmproduktion\/SWR\/DW<\/p>\n<p><strong>No ten\u00eda miedo<\/strong>, consegu\u00eda empotrarse con los j\u00f3venes marines y seguirles all\u00ed donde el combate les llevaba. Fue en la segunda batalla para recuperar Faluya, cuando \u201cestuve mucho tiempo con esa unidad, durmiendo con ellos en una casa en el suelo\u201d, contaba Anja en la entrevista. De ah\u00ed, surgi\u00f3 la instant\u00e1nea del <strong>mu\u00f1eco vestido de soldado que uno de ellos llevaba en su mochila de guerra<\/strong>. Esa foto <strong>le hizo ganar el premio Pulitzer, en 2005.<\/strong> <\/p>\n<p>Esta fotograf\u00eda con la que Anja Niedringhaus gan\u00f3 el Pulitzer destaca la parte humana del joven enviado a combate\u00a0\u00a9 Bildersturm Filmproduktion\/SWR\/DW<\/p>\n<p>Todo su entorno le reconoce su gran profesionalidad, pero ninguno olvida <strong>su persona y su forma de ser<\/strong>. \u201cEra sincera, pura. Era genuina, verdadera, feliz\u201d, enumera sus cualidades, Santiago Lyon.<\/p>\n<p>El fot\u00f3grafo de la Agencia VII, Ron Haviv, destaca que \u201ces dif\u00edcil describir su risa, su sonrisa, su energ\u00eda.<strong> Irradiaba energ\u00eda positiva<\/strong>\u201d. \u201cEra imposible no sentirse atra\u00eddo por Anja\u201d, a\u00f1ade Ulrike Demmer, exreportera del semanario alem\u00e1n Der Spiegel. <\/p>\n<p><strong>Del campo de batalla a Wimbledon<\/strong><\/p>\n<p>El talento de Anja Niedringhaus no se circunscribi\u00f3 tan solo a la realidad b\u00e9lica. En<strong> mundiales de atletismo, juegos ol\u00edmpicos, Wimbledon, <\/strong>tambi\u00e9n dej\u00f3 su huella. \u201cEra una fot\u00f3grafa deportiva absolutamente brillante\u201d, recuerda Rob Taggart, director de AP para Europa y Oriente Medio. \u201cEra la mejor. Esa faceta de Anja se olvida a menudo\u201d, insiste. Y, en este \u00e1mbito, Anja tambi\u00e9n denunci\u00f3 alto y claro la <strong>masculinizaci\u00f3n de la prensa<\/strong>. \u201cHay menos mujeres en el deporte que en las zonas de guerra\u201d, anunciaba. <\/p>\n<p>Anja tambi\u00e9n retrat\u00f3 al Rafa Nadal m\u00e1s terrenal en Wimbledon\u00a0\u00a9 Bildersturm Filmproduktion\/SWR\/DW<\/p>\n<p>Todo salt\u00f3 por los aires la v\u00edspera de las elecciones afganas de 2014. <strong>Ten\u00eda 48 a\u00f1os<\/strong>. \u201cTu coraz\u00f3n no conoc\u00eda l\u00edmites, Anja; siempre quer\u00edas dar m\u00e1s, ayudar a todo el mundo\u201d. Fueron algunas de las palabras que resonaron en su funeral escritas por Kathy Gannon, su compa\u00f1era y amiga de la agencia AP, que sobrevivi\u00f3 al ataque que apag\u00f3 el objetivo y la sonrisa de Anja para siempre. <\/p>\n","protected":false},"excerpt":{"rendered":"Anja Niendringhaus fue una de las fotoperiodistas de guerra m\u00e1s reconocidas internacionalmente. Se abri\u00f3 paso entre sus compa\u00f1eros&hellip;\n","protected":false},"author":2,"featured_media":150540,"comment_status":"","ping_status":"","sticky":false,"template":"","format":"standard","meta":{"footnotes":""},"categories":[42],"tags":[17,18,13,14,11,61,62,63,64,19,20,9,10,15,16,12,21,22,65,66,67],"class_list":{"0":"post-150539","1":"post","2":"type-post","3":"status-publish","4":"format-standard","5":"has-post-thumbnail","7":"category-internacional","8":"tag-breaking-news","9":"tag-breakingnews","10":"tag-featured-news","11":"tag-featurednews","12":"tag-headlines","13":"tag-internacional","14":"tag-international","15":"tag-international-news","16":"tag-internationalnews","17":"tag-latest-news","18":"tag-latestnews","19":"tag-news","20":"tag-noticias","21":"tag-noticias-destacadas","22":"tag-noticiasdestacadas","23":"tag-titulares","24":"tag-ultimas-noticias","25":"tag-ultimasnoticias","26":"tag-world","27":"tag-world-news","28":"tag-worldnews"},"share_on_mastodon":{"url":"","error":""},"_links":{"self":[{"href":"https:\/\/www.europesays.com\/es\/wp-json\/wp\/v2\/posts\/150539","targetHints":{"allow":["GET"]}}],"collection":[{"href":"https:\/\/www.europesays.com\/es\/wp-json\/wp\/v2\/posts"}],"about":[{"href":"https:\/\/www.europesays.com\/es\/wp-json\/wp\/v2\/types\/post"}],"author":[{"embeddable":true,"href":"https:\/\/www.europesays.com\/es\/wp-json\/wp\/v2\/users\/2"}],"replies":[{"embeddable":true,"href":"https:\/\/www.europesays.com\/es\/wp-json\/wp\/v2\/comments?post=150539"}],"version-history":[{"count":0,"href":"https:\/\/www.europesays.com\/es\/wp-json\/wp\/v2\/posts\/150539\/revisions"}],"wp:featuredmedia":[{"embeddable":true,"href":"https:\/\/www.europesays.com\/es\/wp-json\/wp\/v2\/media\/150540"}],"wp:attachment":[{"href":"https:\/\/www.europesays.com\/es\/wp-json\/wp\/v2\/media?parent=150539"}],"wp:term":[{"taxonomy":"category","embeddable":true,"href":"https:\/\/www.europesays.com\/es\/wp-json\/wp\/v2\/categories?post=150539"},{"taxonomy":"post_tag","embeddable":true,"href":"https:\/\/www.europesays.com\/es\/wp-json\/wp\/v2\/tags?post=150539"}],"curies":[{"name":"wp","href":"https:\/\/api.w.org\/{rel}","templated":true}]}}