{"id":150543,"date":"2025-10-01T11:27:17","date_gmt":"2025-10-01T11:27:17","guid":{"rendered":"https:\/\/www.europesays.com\/es\/150543\/"},"modified":"2025-10-01T11:27:17","modified_gmt":"2025-10-01T11:27:17","slug":"autobuses-a-elche-ayuntamiento-de-elche","status":"publish","type":"post","link":"https:\/\/www.europesays.com\/es\/150543\/","title":{"rendered":"Autobuses a Elche &#8211; Ayuntamiento de Elche"},"content":{"rendered":"<p>\u201cSon datos muy positivos que refrendan la pol\u00edtica de seguir mejorando el servicio de autob\u00fas. Demuestran que la apuesta decidida por la movilidad sostenible est\u00e1 dando resultados tanto en el casco urbano como en las pedan\u00edas\u201d, ha subrayado Guilabert, quien tambi\u00e9n ha adelantado que se trabaja ya en la mejora de las l\u00edneas nocturnas de fin de semana.<\/p>\n<p>Por su parte, <strong>\u00c1ngel Luis Andreu<\/strong>, gerente de <strong>Autobuses Urbanos de Elche<\/strong>, ha querido agradecer a los usuarios la confianza, \u201chemos superado los 11 millones de viajeros y nuestro compromiso es seguir mejorando, como hemos hecho con la ampliaci\u00f3n de horarios de la R7 y R9 o con las novedades de la R12 de Arenales del Sol\u201d<\/p>\n<p>En este sentido, <strong>Claudio Guilabert<\/strong> ha anunciado que, a partir de este 1 de octubre,<strong> la l\u00ednea R12 modificar\u00e1 su recorrido para ofrecer servicio ininterrumpido<\/strong> durante todo el a\u00f1o en Arenales del Sol, cubriendo los desplazamientos entre la playa y la zona alta de la pedan\u00eda.<\/p>\n<p><strong>El itinerario discurrir\u00e1 por las calles Gran V\u00eda<\/strong>,<strong> Bah\u00eda, Albacete<\/strong>,<strong> San Bartolom\u00e9 de Tirajana<\/strong>,<strong> Isla de Menorca<\/strong>, <strong>Avenida Costa Blanca<\/strong>, <strong>Bah\u00eda y Gran V\u00eda<\/strong>. Los vecinos contar\u00e1n <strong>con una frecuencia aproximada de 60-70 minutos<\/strong> para los trayectos playa-zona alta y de 45-50 minutos en sentido inverso. Adem\u00e1s, los desplazamientos desde la zona alta hacia la playa seguir\u00e1n estando cubiertos tambi\u00e9n por las l\u00edneas <strong>R9 y R10<\/strong>.<\/p>\n","protected":false},"excerpt":{"rendered":"\u201cSon datos muy positivos que refrendan la pol\u00edtica de seguir mejorando el servicio de autob\u00fas. Demuestran que la&hellip;\n","protected":false},"author":2,"featured_media":150544,"comment_status":"","ping_status":"","sticky":false,"template":"","format":"standard","meta":{"footnotes":""},"categories":[5],"tags":[17,18,25,24,13,14,11,19,20,9,10,15,16,23,12,21,22],"class_list":{"0":"post-150543","1":"post","2":"type-post","3":"status-publish","4":"format-standard","5":"has-post-thumbnail","7":"category-titulares","8":"tag-breaking-news","9":"tag-breakingnews","10":"tag-es","11":"tag-espana","12":"tag-featured-news","13":"tag-featurednews","14":"tag-headlines","15":"tag-latest-news","16":"tag-latestnews","17":"tag-news","18":"tag-noticias","19":"tag-noticias-destacadas","20":"tag-noticiasdestacadas","21":"tag-spain","22":"tag-titulares","23":"tag-ultimas-noticias","24":"tag-ultimasnoticias"},"share_on_mastodon":{"url":"","error":""},"_links":{"self":[{"href":"https:\/\/www.europesays.com\/es\/wp-json\/wp\/v2\/posts\/150543","targetHints":{"allow":["GET"]}}],"collection":[{"href":"https:\/\/www.europesays.com\/es\/wp-json\/wp\/v2\/posts"}],"about":[{"href":"https:\/\/www.europesays.com\/es\/wp-json\/wp\/v2\/types\/post"}],"author":[{"embeddable":true,"href":"https:\/\/www.europesays.com\/es\/wp-json\/wp\/v2\/users\/2"}],"replies":[{"embeddable":true,"href":"https:\/\/www.europesays.com\/es\/wp-json\/wp\/v2\/comments?post=150543"}],"version-history":[{"count":0,"href":"https:\/\/www.europesays.com\/es\/wp-json\/wp\/v2\/posts\/150543\/revisions"}],"wp:featuredmedia":[{"embeddable":true,"href":"https:\/\/www.europesays.com\/es\/wp-json\/wp\/v2\/media\/150544"}],"wp:attachment":[{"href":"https:\/\/www.europesays.com\/es\/wp-json\/wp\/v2\/media?parent=150543"}],"wp:term":[{"taxonomy":"category","embeddable":true,"href":"https:\/\/www.europesays.com\/es\/wp-json\/wp\/v2\/categories?post=150543"},{"taxonomy":"post_tag","embeddable":true,"href":"https:\/\/www.europesays.com\/es\/wp-json\/wp\/v2\/tags?post=150543"}],"curies":[{"name":"wp","href":"https:\/\/api.w.org\/{rel}","templated":true}]}}