{"id":150547,"date":"2025-10-01T11:33:20","date_gmt":"2025-10-01T11:33:20","guid":{"rendered":"https:\/\/www.europesays.com\/es\/150547\/"},"modified":"2025-10-01T11:33:20","modified_gmt":"2025-10-01T11:33:20","slug":"ganador-del-concurso-de-la-vuelta-ciclista-a-espana","status":"publish","type":"post","link":"https:\/\/www.europesays.com\/es\/150547\/","title":{"rendered":"Ganador del concurso de la Vuelta Ciclista a Espa\u00f1a"},"content":{"rendered":"<p>\nRedacci\u00f3n BurgosNoticias\u00a0<br \/>\n<br \/>30\/09\/2025 &#8211; 10:47h.\n<\/p>\n<p class=\"\">Iv\u00e1n Macho ha sido el ganador del sorteo de la bicicleta, obsequio de Ciclos Garc\u00eda y Radio Arlanz\u00f3n, para el acertante del vencedor final de la Vuelta Ciclista a Espa\u00f1a 2025.<\/p>\n<p class=\"\">En la fotograf\u00eda que acompa\u00f1a a esta noticia puede apreciarse el momento en el que \u00d3scar Garc\u00eda, de Ciclos Garc\u00eda, le hace entrega de la bicicleta.<\/p>\n","protected":false},"excerpt":{"rendered":"Redacci\u00f3n BurgosNoticias\u00a0 30\/09\/2025 &#8211; 10:47h. Iv\u00e1n Macho ha sido el ganador del sorteo de la bicicleta, obsequio de&hellip;\n","protected":false},"author":2,"featured_media":150548,"comment_status":"","ping_status":"","sticky":false,"template":"","format":"standard","meta":{"footnotes":""},"categories":[273],"tags":[517,623,6992,313,1757,4023,209,312,168,1639,25,24,45747,5138,1667,10,6993,952,6436,23,167,2845,1357],"class_list":{"0":"post-150547","1":"post","2":"type-post","3":"status-publish","4":"format-standard","5":"has-post-thumbnail","7":"category-ciclismo","8":"tag-actualidad","9":"tag-burgos","10":"tag-burgosnoticias","11":"tag-ciclismo","12":"tag-ciclista","13":"tag-concurso","14":"tag-cultura","15":"tag-cycling","16":"tag-deportes","17":"tag-digital","18":"tag-es","19":"tag-espana","20":"tag-espanadiario","21":"tag-ganador","22":"tag-informacion","23":"tag-noticias","24":"tag-noticiasburgos","25":"tag-politica","26":"tag-provincia","27":"tag-spain","28":"tag-sports","29":"tag-universidad","30":"tag-vuelta"},"share_on_mastodon":{"url":"","error":""},"_links":{"self":[{"href":"https:\/\/www.europesays.com\/es\/wp-json\/wp\/v2\/posts\/150547","targetHints":{"allow":["GET"]}}],"collection":[{"href":"https:\/\/www.europesays.com\/es\/wp-json\/wp\/v2\/posts"}],"about":[{"href":"https:\/\/www.europesays.com\/es\/wp-json\/wp\/v2\/types\/post"}],"author":[{"embeddable":true,"href":"https:\/\/www.europesays.com\/es\/wp-json\/wp\/v2\/users\/2"}],"replies":[{"embeddable":true,"href":"https:\/\/www.europesays.com\/es\/wp-json\/wp\/v2\/comments?post=150547"}],"version-history":[{"count":0,"href":"https:\/\/www.europesays.com\/es\/wp-json\/wp\/v2\/posts\/150547\/revisions"}],"wp:featuredmedia":[{"embeddable":true,"href":"https:\/\/www.europesays.com\/es\/wp-json\/wp\/v2\/media\/150548"}],"wp:attachment":[{"href":"https:\/\/www.europesays.com\/es\/wp-json\/wp\/v2\/media?parent=150547"}],"wp:term":[{"taxonomy":"category","embeddable":true,"href":"https:\/\/www.europesays.com\/es\/wp-json\/wp\/v2\/categories?post=150547"},{"taxonomy":"post_tag","embeddable":true,"href":"https:\/\/www.europesays.com\/es\/wp-json\/wp\/v2\/tags?post=150547"}],"curies":[{"name":"wp","href":"https:\/\/api.w.org\/{rel}","templated":true}]}}