{"id":150566,"date":"2025-10-01T11:44:08","date_gmt":"2025-10-01T11:44:08","guid":{"rendered":"https:\/\/www.europesays.com\/es\/150566\/"},"modified":"2025-10-01T11:44:08","modified_gmt":"2025-10-01T11:44:08","slug":"hasta-el-99-de-los-infartos-e-ictus-estan-asociados-a-factores-de-riesgo-prevenibles","status":"publish","type":"post","link":"https:\/\/www.europesays.com\/es\/150566\/","title":{"rendered":"Hasta el 99% de los infartos e ictus est\u00e1n asociados a factores de riesgo prevenibles"},"content":{"rendered":"<p class=\"c-paragraph\">Las <a href=\"https:\/\/www.20minutos.es\/salud\/actualidad\/enfermedades-cardiovasculares-7-principales-factores-riesgo-5109491\/\" rel=\"nofollow noopener\" target=\"_blank\">enfermedades cardiovasculares<\/a>, incluyendo algunas tan severas como los ictus o los infartos de miocardio, son la segunda causa de muerte en Espa\u00f1a, <b>s\u00f3lo desplazadas recientemente por el c\u00e1ncer<\/b>. En buena medida, este descenso en el ranking se debe a una mejora en la detecci\u00f3n, la prevenci\u00f3n y el tratamiento.\u00a0<\/p>\n<p class=\"c-paragraph\">Concretamente, en torno a un 85% de la mortalidad por patolog\u00edas cardiovasculares corresponden a infartos e ictus. Esto dejar\u00eda a\u00fan m\u00e1s margen para reducir el n\u00famero de fallecimientos, ya que un reciente estudio<b> ha estimado que el 99% de estos episodios est\u00e1n asociados a una serie de factores de riesgo<\/b> prevenibles.<\/p>\n<p>Factores de riesgo en el 99% de los casos<\/p>\n<p class=\"c-paragraph\">Seg\u00fan publican sus autores en la revista cient\u00edfica <a href=\"https:\/\/www.jacc.org\/doi\/10.1016\/j.jacc.2025.07.014\" rel=\"nofollow noreferrer noopener\" target=\"_blank\">Journal of the American College of Cardiology<\/a>, un an\u00e1lisis de los datos de m\u00e1s de 9 millones de adultos en corea del sur y 7.000 adultos en los Estados Unidos revel\u00f3 que m\u00e1s del 99% de las personas que experimentaron infarto de miocardio, fallo card\u00edaco o ictus cumpl\u00edan con al menos uno de <b>cuatro grandes factores de riesgo cardiovascular<\/b>: hipertensi\u00f3n, colesterol, glucosa en ayunas excesivamente elevada o tabaquismo.<\/p>\n<p class=\"c-paragraph\">Para llegar a esta conclusi\u00f3n, se realiz\u00f3 <b>un seguimiento de hasta 20 a\u00f1os<\/b>, lo que permiti\u00f3 a los investigadores tener en cuenta m\u00faltiples mediciones de la tensi\u00f3n arterial, el colesterol, la glucosa y la exposici\u00f3n al tabaco antes del primer incidente cardiovascular de cada voluntario.<\/p>\n<p class=\"c-paragraph\">Con ello, pretend\u00edan salvar un error que han detectado en mucho volumen de investigaciones recientes: la falta de datos acerca de incidencia o exposici\u00f3n a los principales factores de riesgo<b> previa al episodio cardiovascular.\u00a0<\/b><\/p>\n<p>Cuatro valores clave<\/p>\n<p class=\"c-paragraph\">A la hora de <b>definir los factores de riesgo<\/b>, emplearon los valores sentados por la <a href=\"https:\/\/www.ahajournals.org\/doi\/10.1161\/circulationaha.109.192703\" rel=\"nofollow noreferrer noopener\" target=\"_blank\">Asociaci\u00f3n Americana del Coraz\u00f3n<\/a> (AHA), que describe como no ideales:\u00a0<\/p>\n<ul>\n<li>Una<b> tensi\u00f3n arterial de 120\/80 mililitros de mercurio<\/b> (mm Hg) o superior, o en tratamiento.<\/li>\n<li>Una<b> glucosa en sangre en ayunas de 100 miligramos por decilitro <\/b>(mg\/dL) o superior, diagn\u00f3stico de diabetes o en tratamiento.<\/li>\n<li><b>Uso de tabaco pasado o presente<\/b>.<\/li>\n<li>Un <b>colesterol total de 200mg\/dL<\/b> o superior, o en tratamiento.\u00a0<\/li>\n<\/ul>\n<p class=\"c-paragraph\">Estos factores de riesgo son, al menos potencialmente, <b>modificables<\/b>, destacan los autores; frente a otros, como determinados marcadores en sangre o la gen\u00e9tica. Esto significa que la investigaci\u00f3n sobre ellos puede tener aplicaciones importantes en la prevenci\u00f3n de episodios cardiovasculares graves.<\/p>\n<p>La hipertensi\u00f3n, el m\u00e1s frecuente<\/p>\n<p class=\"c-paragraph\">Entre los factores estudiados, el m\u00e1s com\u00fan fue con diferencia la hipertensi\u00f3n arterial, que afect\u00f3 a m\u00e1s del 95% de los participantes coreanos y m\u00e1s de un 93% de los estadounidenses. Esto, dicen, resulta bastante relevante teniendo en cuenta que es un fen\u00f3meno <b>f\u00e1cilmente detectable<\/b> pero asintom\u00e1tico, por lo que es muy importante reconocer su importancia, comprobarlo y tratarlo.<\/p>\n<p class=\"c-paragraph\">Incluso en las mujeres menores de 60 a\u00f1os de edad, que se consideran la poblaci\u00f3n con<b> menor riesgo de enfermedades cardiovasculares<\/b>, m\u00e1s del 95% de las participantes en el estudio reun\u00edan al menos un factor de riesgo antes de sufrir un ictus o un fallo card\u00edaco.<\/p>\n<p class=\"c-paragraph\">En resumen, los autores subrayan que en la inmensa mayor\u00eda de los casos de episodios cardiovasculares severos est\u00e1 presente al menos<b> un factor de riesgo modificable y relevante.<\/b> Por ello, el abordaje de estos factores en la cl\u00ednica es una medida vital para prevenir el riesgo de sufrir un ataque card\u00edaco, un ictus o un fallo card\u00edaco.<\/p>\n<p>Referencias<\/p>\n<p class=\"c-paragraph\">Hokyou Lee, Xiaoning Huang, Sadiya S. Khan, Dasom Son, Hyeok-Hee Lee, Eun-Jin Kim, Donald M. Lloyd-Jones, Hyeon Chang Kim &amp; Phillip Greenland.\u00a0Very High Prevalence of Nonoptimally Controlled Traditional Risk Factors at the Onset of Cardiovascular Disease. Journal of the American College of Cardiology (2025). DOI:\u00a0<a href=\"https:\/\/doi.org\/10.1016\/j.jacc.2025.07.014\" rel=\"nofollow noopener\" target=\"_blank\">https:\/\/doi.org\/10.1016\/j.jacc.2025.07.014<\/a><\/p>\n<p class=\"c-paragraph\">Donald M. Lloyd-Jones, Yuling Hong, Darwin Labarthe, Dariush Mozaffarian, Lawrence J. Appel, Linda Van Horn, Kurt Greenlund. Defining and Setting National Goals for Cardiovascular Health Promotion and Disease Reduction:\u00a0The American Heart Association\u2019s Strategic Impact Goal Through 2020 and Beyond. AHA (2010). DOI:\u00a0<a href=\"https:\/\/doi.org\/10.1161\/CIRCULATIONAHA.109.192703\" rel=\"nofollow noopener\" target=\"_blank\">https:\/\/doi.org\/10.1161\/CIRCULATIONAHA.109.192703<\/a><\/p>\n<p class=\"c-paragraph\"><a href=\"https:\/\/www.20minutos.es\/salud\/quieres-recibir-mejores-contenidos-cuidar-salud-sentirte-bien-apuntate-gratis-nuestra-nueva-newsletter-5119746\/\" rel=\"nofollow noopener\" target=\"_blank\">\u00bfQuieres recibir los mejores contenidos para cuidar tu salud y sentirte bien? Ap\u00fantate gratis a nuestra newsletter.\u00a0<\/a><\/p>\n<p>   <img loading=\"lazy\" decoding=\"async\" width=\"50\" height=\"50\" src=\"https:\/\/www.europesays.com\/es\/wp-content\/uploads\/2025\/09\/whatsapp-logo.png\" alt=\"Doble Check\"\/>  <\/p>\n<p><b>\u00a1Ya estamos en WhatsApp! <\/b>Si quieres recibir en tu m\u00f3vil toda la actualidad y las noticias m\u00e1s importantes del d\u00eda, <a class=\"enlace-whatsapp\" href=\"https:\/\/www.whatsapp.com\/channel\/0029VaBpla3G8l5CbpH86t3n\" target=\"_blank\" rel=\"nofollow noopener\"><b>pincha aqu\u00ed y \u00fanete a nuestro canal.<\/b><\/a> Es un sistema gratuito, c\u00f3modo y seguro.<\/p>\n<p><img loading=\"lazy\" decoding=\"async\" width=\"102\" height=\"20\" src=\"https:\/\/www.20minutos.es\/images\/logo-horizontal-20m.svg\" class=\"logo-20minutos\" alt=\"Logo de 20minutos\"\/> <\/p>\n","protected":false},"excerpt":{"rendered":"Las enfermedades cardiovasculares, incluyendo algunas tan severas como los ictus o los infartos de miocardio, son la segunda&hellip;\n","protected":false},"author":2,"featured_media":150567,"comment_status":"","ping_status":"","sticky":false,"template":"","format":"standard","meta":{"footnotes":""},"categories":[92],"tags":[517,25,24,165,166,23],"class_list":{"0":"post-150566","1":"post","2":"type-post","3":"status-publish","4":"format-standard","5":"has-post-thumbnail","7":"category-salud","8":"tag-actualidad","9":"tag-es","10":"tag-espana","11":"tag-health","12":"tag-salud","13":"tag-spain"},"share_on_mastodon":{"url":"","error":""},"_links":{"self":[{"href":"https:\/\/www.europesays.com\/es\/wp-json\/wp\/v2\/posts\/150566","targetHints":{"allow":["GET"]}}],"collection":[{"href":"https:\/\/www.europesays.com\/es\/wp-json\/wp\/v2\/posts"}],"about":[{"href":"https:\/\/www.europesays.com\/es\/wp-json\/wp\/v2\/types\/post"}],"author":[{"embeddable":true,"href":"https:\/\/www.europesays.com\/es\/wp-json\/wp\/v2\/users\/2"}],"replies":[{"embeddable":true,"href":"https:\/\/www.europesays.com\/es\/wp-json\/wp\/v2\/comments?post=150566"}],"version-history":[{"count":0,"href":"https:\/\/www.europesays.com\/es\/wp-json\/wp\/v2\/posts\/150566\/revisions"}],"wp:featuredmedia":[{"embeddable":true,"href":"https:\/\/www.europesays.com\/es\/wp-json\/wp\/v2\/media\/150567"}],"wp:attachment":[{"href":"https:\/\/www.europesays.com\/es\/wp-json\/wp\/v2\/media?parent=150566"}],"wp:term":[{"taxonomy":"category","embeddable":true,"href":"https:\/\/www.europesays.com\/es\/wp-json\/wp\/v2\/categories?post=150566"},{"taxonomy":"post_tag","embeddable":true,"href":"https:\/\/www.europesays.com\/es\/wp-json\/wp\/v2\/tags?post=150566"}],"curies":[{"name":"wp","href":"https:\/\/api.w.org\/{rel}","templated":true}]}}