{"id":150568,"date":"2025-10-01T11:45:09","date_gmt":"2025-10-01T11:45:09","guid":{"rendered":"https:\/\/www.europesays.com\/es\/150568\/"},"modified":"2025-10-01T11:45:09","modified_gmt":"2025-10-01T11:45:09","slug":"el-festival-flamenco-duende-llega-a-mairena-del-alcor","status":"publish","type":"post","link":"https:\/\/www.europesays.com\/es\/150568\/","title":{"rendered":"El Festival Flamenco Duende llega a Mairena del Alcor"},"content":{"rendered":"<p>Est\u00e1 ma\u00f1ana se ha presentado el Festival Flamenco Duende que se desarrollar\u00e1 desde el 16 de octubre al 28 de noviembre en 15 teatros de municipios de la provincia, con artistas de primer nivel.<\/p>\n<p>Mairena del Alcor contar\u00e1 con la actuaci\u00f3n de Argentina el pr\u00f3ximo 14 de noviembre en el Teatro municipal Calixto S\u00e1nchez.<br \/>Dicho festival est\u00e1 enmarcado dentro la programaci\u00f3n cultural de la Diputaci\u00f3n de Sevilla para este oto\u00f1o de 2025.<\/p>\n<p>Al acto han acudido la concejala de Cultura, Inmaculada Galocha, y el t\u00e9cnico municipal de Cultura, Rub\u00e9n Hern\u00e1ndez.<\/p>\n<p>\t<a class=\"modal-detail-img\" data-rel=\"imgdtlnew\" href=\"https:\/\/www.mairenadelalcor.org\/export\/sites\/mairenadelalcor\/.galleries\/Galeria-de-agenda-2025\/557617419_1111288591122340_7759860019510981235_n.jpg\" title=\"557617419_1111288591122340_7759860019510981235_n\" rel=\"nofollow noopener\" target=\"_blank\"><img loading=\"lazy\" decoding=\"async\" src=\"https:\/\/www.europesays.com\/es\/wp-content\/uploads\/2025\/10\/557617419_1111288591122340_7759860019510981235_n.jpg_1511270403.jpg\" width=\"2048\" height=\"1536\" alt=\"557617419_1111288591122340_7759860019510981235_n\" class=\"thumbnail  img-responsive\"\/><\/a><\/p>\n","protected":false},"excerpt":{"rendered":"Est\u00e1 ma\u00f1ana se ha presentado el Festival Flamenco Duende que se desarrollar\u00e1 desde el 16 de octubre al&hellip;\n","protected":false},"author":2,"featured_media":150569,"comment_status":"","ping_status":"","sticky":false,"template":"","format":"standard","meta":{"footnotes":""},"categories":[91],"tags":[146,147,25,24,23],"class_list":{"0":"post-150568","1":"post","2":"type-post","3":"status-publish","4":"format-standard","5":"has-post-thumbnail","7":"category-entretenimiento","8":"tag-entertainment","9":"tag-entretenimiento","10":"tag-es","11":"tag-espana","12":"tag-spain"},"share_on_mastodon":{"url":"","error":""},"_links":{"self":[{"href":"https:\/\/www.europesays.com\/es\/wp-json\/wp\/v2\/posts\/150568","targetHints":{"allow":["GET"]}}],"collection":[{"href":"https:\/\/www.europesays.com\/es\/wp-json\/wp\/v2\/posts"}],"about":[{"href":"https:\/\/www.europesays.com\/es\/wp-json\/wp\/v2\/types\/post"}],"author":[{"embeddable":true,"href":"https:\/\/www.europesays.com\/es\/wp-json\/wp\/v2\/users\/2"}],"replies":[{"embeddable":true,"href":"https:\/\/www.europesays.com\/es\/wp-json\/wp\/v2\/comments?post=150568"}],"version-history":[{"count":0,"href":"https:\/\/www.europesays.com\/es\/wp-json\/wp\/v2\/posts\/150568\/revisions"}],"wp:featuredmedia":[{"embeddable":true,"href":"https:\/\/www.europesays.com\/es\/wp-json\/wp\/v2\/media\/150569"}],"wp:attachment":[{"href":"https:\/\/www.europesays.com\/es\/wp-json\/wp\/v2\/media?parent=150568"}],"wp:term":[{"taxonomy":"category","embeddable":true,"href":"https:\/\/www.europesays.com\/es\/wp-json\/wp\/v2\/categories?post=150568"},{"taxonomy":"post_tag","embeddable":true,"href":"https:\/\/www.europesays.com\/es\/wp-json\/wp\/v2\/tags?post=150568"}],"curies":[{"name":"wp","href":"https:\/\/api.w.org\/{rel}","templated":true}]}}