{"id":150578,"date":"2025-10-01T11:50:19","date_gmt":"2025-10-01T11:50:19","guid":{"rendered":"https:\/\/www.europesays.com\/es\/150578\/"},"modified":"2025-10-01T11:50:19","modified_gmt":"2025-10-01T11:50:19","slug":"el-hospital-universitario-torrecardenas-se-situa-en-el-puesto-26-del-ranking-de-hospitales-con-mayor-reputacion-sanitaria-de-espana","status":"publish","type":"post","link":"https:\/\/www.europesays.com\/es\/150578\/","title":{"rendered":"El Hospital Universitario Torrec\u00e1rdenas se sit\u00faa en el puesto 26 del ranking de hospitales con mayor reputaci\u00f3n sanitaria de Espa\u00f1a"},"content":{"rendered":"<p>El Hospital Universitario Torrec\u00e1rdenas se ha situado como en el puesto 26 del ranking de los hospitales de Espa\u00f1a con mayor reputaci\u00f3n sanitaria seg\u00fan el estudio del Monitor de Reputaci\u00f3n Sanitaria MRS, subiendo cuatro puestos desde la edici\u00f3n del a\u00f1o pasado (2024) y escalando diez posiciones en los \u00faltimos cinco a\u00f1os, ya que en 2020 obtuvo el puesto 36.<\/p>\n<p>El director gerente del hospital referente de la provincia, Manuel Vida, ha se\u00f1alado que \u201ces el resultado del gran trabajo que hacen todas las personas trabajadoras del hospital y creo que es tambi\u00e9n muy bueno para la provincia de Almer\u00eda lograr esta posici\u00f3n en el Monitor de Reputaci\u00f3n Sanitaria. Esto avala el buen trabajo que venimos realizando\u201d.\u00a0<\/p>\n<p>En este Monitor de Reputaci\u00f3n Sanitaria se miden cientos de par\u00e1metros cl\u00ednicos y \u201cadem\u00e1s recoge lo que piensan sobre el hospital los pacientes, profesionales, asociaciones\u2026 queremos seguir avanzando como lo hemos hecho en estos \u00faltimos a\u00f1os, donde hemos subido 10 posiciones y tambi\u00e9n resaltar que estamos por encima de grandes hospitales, en los que antes nos mir\u00e1bamos, pero nuestro trabajo es seguir mejorando en pro de los usuarios y profesionales\u201d, ha detallado Manuel Vida.<\/p>\n<p>As\u00ed, en el ranking 100 de hospitales p\u00fablicos destacan 15 centros hospitalarios andaluces. El Hospital Universitario Virgen del Roc\u00edo de Sevilla (8\u00ba), el Hospital Universitario Reina Sof\u00eda de C\u00f3rdoba (13\u00ba), el Hospital Universitario Virgen Macarena de Sevilla (14\u00ba), Hospital Regional Universitario de M\u00e1laga (16\u00ba), Hospital Universitario Cl\u00ednico San Cecilio de Granada (23\u00ba), Hospital Universitario Torrec\u00e1rdenas de Almer\u00eda (26\u00ba), Hospital Universitario Virgen de la Victoria de M\u00e1laga (29\u00ba), Hospital Universitario Puerto Real de C\u00e1diz (34\u00ba), Hospital Universitario Puerta del Mar de C\u00e1diz (42\u00ba) o el Hospital Universitario Virgen de las Nieves de Granada (51\u00ba).<\/p>\n<p>La investigaci\u00f3n se realiza a trav\u00e9s de la evaluaci\u00f3n de los actores del sistema sanitario a partir de tres valoraciones: la primera, la realizada por los profesionales m\u00e9dicos (5.038 m\u00e9dicos especialistas hospitalarios y 300 m\u00e9dicos de medicina familiar y comunitaria); la segunda, la valoraci\u00f3n de 2.188 enfermeros, 335 gerentes y directivos de hospitales, 314 gestores enfermeros, 81 directivos de empresas farmac\u00e9uticas, 101 responsables de farmacia hospitalaria, 466 responsables de asociaciones de pacientes, as\u00ed como 89 periodistas de informaci\u00f3n sanitaria y la tercera, el an\u00e1lisis de m\u00e1s de 4.788 servicios cl\u00ednicos analizados en indicadores objetivos de calidad y gesti\u00f3n cl\u00ednica.<\/p>\n","protected":false},"excerpt":{"rendered":"El Hospital Universitario Torrec\u00e1rdenas se ha situado como en el puesto 26 del ranking de los hospitales de&hellip;\n","protected":false},"author":2,"featured_media":150579,"comment_status":"","ping_status":"","sticky":false,"template":"","format":"standard","meta":{"footnotes":""},"categories":[5],"tags":[17,18,25,24,13,14,11,19,20,9,10,15,16,23,12,21,22],"class_list":{"0":"post-150578","1":"post","2":"type-post","3":"status-publish","4":"format-standard","5":"has-post-thumbnail","7":"category-titulares","8":"tag-breaking-news","9":"tag-breakingnews","10":"tag-es","11":"tag-espana","12":"tag-featured-news","13":"tag-featurednews","14":"tag-headlines","15":"tag-latest-news","16":"tag-latestnews","17":"tag-news","18":"tag-noticias","19":"tag-noticias-destacadas","20":"tag-noticiasdestacadas","21":"tag-spain","22":"tag-titulares","23":"tag-ultimas-noticias","24":"tag-ultimasnoticias"},"share_on_mastodon":{"url":"","error":""},"_links":{"self":[{"href":"https:\/\/www.europesays.com\/es\/wp-json\/wp\/v2\/posts\/150578","targetHints":{"allow":["GET"]}}],"collection":[{"href":"https:\/\/www.europesays.com\/es\/wp-json\/wp\/v2\/posts"}],"about":[{"href":"https:\/\/www.europesays.com\/es\/wp-json\/wp\/v2\/types\/post"}],"author":[{"embeddable":true,"href":"https:\/\/www.europesays.com\/es\/wp-json\/wp\/v2\/users\/2"}],"replies":[{"embeddable":true,"href":"https:\/\/www.europesays.com\/es\/wp-json\/wp\/v2\/comments?post=150578"}],"version-history":[{"count":0,"href":"https:\/\/www.europesays.com\/es\/wp-json\/wp\/v2\/posts\/150578\/revisions"}],"wp:featuredmedia":[{"embeddable":true,"href":"https:\/\/www.europesays.com\/es\/wp-json\/wp\/v2\/media\/150579"}],"wp:attachment":[{"href":"https:\/\/www.europesays.com\/es\/wp-json\/wp\/v2\/media?parent=150578"}],"wp:term":[{"taxonomy":"category","embeddable":true,"href":"https:\/\/www.europesays.com\/es\/wp-json\/wp\/v2\/categories?post=150578"},{"taxonomy":"post_tag","embeddable":true,"href":"https:\/\/www.europesays.com\/es\/wp-json\/wp\/v2\/tags?post=150578"}],"curies":[{"name":"wp","href":"https:\/\/api.w.org\/{rel}","templated":true}]}}