{"id":150611,"date":"2025-10-01T12:17:08","date_gmt":"2025-10-01T12:17:08","guid":{"rendered":"https:\/\/www.europesays.com\/es\/150611\/"},"modified":"2025-10-01T12:17:08","modified_gmt":"2025-10-01T12:17:08","slug":"el-gobierno-pide-al-pp-que-rectifique-y-estudia-impugnar-la-iniciativa-de-madrid-sobre-el-trauma-postaborto","status":"publish","type":"post","link":"https:\/\/www.europesays.com\/es\/150611\/","title":{"rendered":"El Gobierno pide al PP que rectifique y estudia \u00abimpugnar\u00bb la iniciativa de Madrid sobre el \u00abtrauma postaborto\u00bb"},"content":{"rendered":"<p>El <strong>Gobierno ha pedido este mi\u00e9rcoles al PP que \u00abrectifique\u00bb <\/strong>su apoyo a la iniciativa impulsada por Vox en el Ayuntamiento de Madrid que insta a que se informe en los centros municipales sobre el &#8216;trauma post aborto&#8217; a las mujeres que acudan a interrumpir su embarazo en la capital, y ha avanzado qu<strong>e estudia \u00abimpugnar\u00bb la medida.<\/strong><\/p>\n<p>El Peno ordinario del Consistorio madrile\u00f1o dio luz verde este martes a esta proposici\u00f3n que<strong> impulsada por Vox y apoyada por el PP<\/strong>, pero que fue rechazada por la oposici\u00f3n: el Partido Socialista y M\u00e1s Madrid.<\/p>\n<p>\u00abLe pido al alcalde de esta ciudad que rectifique\u00bb, ha afirmado la ministra de Igualdad, Ana Redondo, en declaraciones a los medios tras comparecer en el Senado, y en las que ha mostrado su \u00abpreocupaci\u00f3n\u00bb por la iniciativa aprobada por el Consistorio madrile\u00f1o. <\/p>\n<p>Adem\u00e1s, la titular de Igualdad, Ana Redondo, ha anunciado que \u00ablos equipos del ministerio est\u00e1n valorando y <strong>estudiando si es posible impugnar esa decisi\u00f3n\u00bb <\/strong>del Ayuntamiento de Madrid. \u00abNo vamos a permitir ning\u00fan paso atr\u00e1s. No vamos a consentir ninguna limitaci\u00f3n en los derechos  sexuales y reproductivos de las mujeres\u00bb, ha zanjado.<\/p>\n<p>Tambi\u00e9n, en rueda de prensa para <a href=\"https:\/\/www.rtve.es\/noticias\/20251001\/106000-mujeres-abortaron-2024-espana-mas-80-derivadas-centros-privados\/16751618.shtml\" target=\"_blank\" rel=\"nofollow noopener\">presentar los datos de interrupci\u00f3n voluntaria del embarazo (IVE) en 2024<\/a>, la ministra de Sanidad, M\u00f3nica Garc\u00eda, ha avisado de que su departamento<strong> \u00abestudiar\u00e1 judicialmente la legalidad de la acci\u00f3n y las consecuencias jur\u00eddicas<\/strong> que pueda tener esta acci\u00f3n de acoso y desinformaci\u00f3n\u00bb.<\/p>\n<p>Asimismo el PSOE de Madrid est\u00e1 estudiando emprender<strong> \u00abacciones judiciales\u00bb contra la medida <\/strong>aprobada por el Consistorio madrile\u00f1o. As\u00ed lo ha anunciado el ministro para la Transformaci\u00f3n Digital y de la Funci\u00f3n P\u00fablica y l\u00edder de los socialistas madrile\u00f1os, \u00d3scar L\u00f3pez, en <a href=\"https:\/\/www.rtve.es\/noticias\/20251001\/gobierno-pide-a-flotilla-no-se-ponga-riesgo-a-su-llegada-a-gaza-prioridad-absoluta-su-seguridad\/16751666.shtml\" target=\"_blank\" rel=\"nofollow noopener\">una entrevista en La Hora de La 1<\/a>, en la que ha tachado de \u00ababerrante\u00bb la iniciativa.<\/p>\n<p>Sanidad subraya que \u00abno existe\u00bb el &#8216;s\u00edndrome post aborto&#8217;<\/p>\n<p>Por otra parte, la ministra de Sanidad ha asegurado tajante que<strong> \u00abno existe un s\u00edndrome post aborto como diagn\u00f3stico cl\u00ednico\u00bb. \u00ab<\/strong>Esto no es verdad, no hay evidencia cient\u00edfica, lo que hay es una violencia camuflada por parte de PP y Vox que ya son indistinguibles\u00bb, ha se\u00f1alado.<\/p>\n<p>A su juicio, \u00abel<strong> \u00fanico s\u00edndrome que ahora existe es la ultraderechizaci\u00f3n del PP<\/strong>, con su odio, se\u00f1alamiento a las mujeres y con su negacionismo que intenta imponer una realidad que no hay\u00bb. \u00abEl aborto es un derecho de las mujeres\u00bb, ha recordado, al tiempo que ha reprochado a &#8216;populares&#8217; y a Vox que intenten hacer \u00abuna relaci\u00f3n entre el aborto y un futuro de miedo y de apocalipsis de mujeres alcoh\u00f3licas y drogadictas\u00bb.<\/p>\n<p>\u00abNo hay ninguna diferencia entre lo que propusieron ayer en el Ayuntamiento de Madrid con el hostigamiento y el acoso que se hace a las mujeres a las puertas de las cl\u00ednicas cuando van a abortar\u00bb, ha a\u00f1adido. <\/p>\n<p>El Ejecutivo acusa al PP de haber perdido la \u00abcentralidad\u00bb<\/p>\n<p>Para la ministra de Igualdad, el <strong>PP ha perdido la \u00abcentralidad<\/strong>\u00bb y \u00abest\u00e1 en una carrera desaforada con la extrema derecha por ver qui\u00e9n es m\u00e1s de extrema derecha\u00bb. Asimismo ha reprochado a los &#8216;populares&#8217; que \u00abno les importa utilizar los derechos de las mujeres\u00bb para llegar \u00abm\u00e1s lejos en esa pugna con Vox\u00bb. <\/p>\n<p>Y ha considerado que \u00abhan perdido el apoyo femenino y feminista\u00bb. \u00abNo se puede hacer pol\u00edtica contra las mujeres como se est\u00e1 haciendo. No se puede hacer pol\u00edtica contra los derechos que tanto han conseguido y tanto han costado conseguir a las mujeres. Y creo que es un error y le pido que rectifique\u00bb, ha reiterado.<\/p>\n<p>Para la vicepresidenta segunda del Gobierno y ministra de Trabajo, Yolanda D\u00edaz<strong>, \u00abno hay diferencias entre PP y Vox\u00bb,<\/strong> y ha pedido a los &#8216;populares&#8217; que \u00abse pongan del lado de la libertad\u00bb.<\/p>\n<p>Tambi\u00e9n el ministro de Transformaci\u00f3n Digital y la ministra de Sanidad han se\u00f1alado que <strong>\u00abes imposible ya distinguir al PP de Vox\u00bb. <\/strong>A juicio de Garc\u00eda, \u00ablo que demuestra el PP es su cara m\u00e1s ultraderechista y un claro retroceso de las pol\u00edticas que quieren imponer a las mujeres\u00bb. Y ha lanzado un mensaje a quienes \u00abquieren arrebatar los derechos conseguidos durante tantos a\u00f1os\u00bb: \u00abLo llevan claro\u00bb.<\/p>\n<p>En la rueda de prensa tras la Junta de Portavoces en el Congreso, la l\u00edder de Podemos, Ione Belarra, ha asegurado que no le \u00absorprende\u00bb la iniciativa del Ayuntamiento de Madrid, pues, ha indicado, <strong>PP y Vox \u00abya han demostrado durante a\u00f1os que son enemigos de los derechos de las mujeres\u00bb.<\/strong><\/p>\n<p>Vox y PP defienden la medida<\/p>\n<p>Por otro lado, en rueda de prensa en el Congreso, la portavoz parlamentaria de Vox, Pepa <strong>Mill\u00e1n, ha defendido la iniciativa impulsada por su formaci\u00f3n en el Consistorio<\/strong>, argumentando que \u00ablos poderes p\u00fablicos tienen que estar para facilitar la vida a las mujeres y tienen que velar por el derecho fundamental a la vida\u00bb.<\/p>\n<p>\u00abCualquier mujer quiere proteger su vida, sacar adelante su familia, su proyecto de vida. No puede ser que ante una situaci\u00f3n de mujer embarazada, la \u00fanica puerta que se le muestre sea la del aborto\u00bb, ha advertido.<\/p>\n<p>Tambi\u00e9n en la rueda de prensa en la C\u00e1mara Baja, la portavoz del Grupo Parlamentario Popular, Ester Mu\u00f1oz, se ha referido a las advertencias del Gobierno sobre la iniciativa del Ayuntamiento de Madrid. A su juicio, es una \u00abardilla\u00bb que el Ejecutivo la ha lanzado<strong> \u00abpara que no se hable de la corrupci\u00f3n\u00bb. <\/strong>\u00abLa informaci\u00f3n nunca es un problema. Quien tiene que explicar por qu\u00e9 es un problema es quien tiene que explicar por qu\u00e9 est\u00e1 en contra de que las mujeres est\u00e9n informadas\u00bb, ha sostenido Mu\u00f1oz.<\/p>\n<p>Por su parte, la vicealcaldesa de Madrid, Inma Sanz, ha avisado de que <strong>el PP no admitir\u00e1 \u00abuna sola lecci\u00f3n sobre feminismo de sal\u00f3n <\/strong>de todos estos socialistas y todos estos de izquierdas\u00bb. Adem\u00e1s, ha defendido que lo que se aprob\u00f3 en el Consistorio \u00abes dar informaci\u00f3n respecto a los efectos que tiene algo que no es que no es balad\u00ed, como es el aborto, que es desde luego un fracaso social\u00bb.<\/p>\n","protected":false},"excerpt":{"rendered":"El Gobierno ha pedido este mi\u00e9rcoles al PP que \u00abrectifique\u00bb su apoyo a la iniciativa impulsada por Vox&hellip;\n","protected":false},"author":2,"featured_media":150612,"comment_status":"","ping_status":"","sticky":false,"template":"","format":"standard","meta":{"footnotes":""},"categories":[8],"tags":[17,18,25,24,13,14,11,19,20,9,10,15,16,23,12,21,22],"class_list":{"0":"post-150611","1":"post","2":"type-post","3":"status-publish","4":"format-standard","5":"has-post-thumbnail","7":"category-espana","8":"tag-breaking-news","9":"tag-breakingnews","10":"tag-es","11":"tag-espana","12":"tag-featured-news","13":"tag-featurednews","14":"tag-headlines","15":"tag-latest-news","16":"tag-latestnews","17":"tag-news","18":"tag-noticias","19":"tag-noticias-destacadas","20":"tag-noticiasdestacadas","21":"tag-spain","22":"tag-titulares","23":"tag-ultimas-noticias","24":"tag-ultimasnoticias"},"share_on_mastodon":{"url":"","error":""},"_links":{"self":[{"href":"https:\/\/www.europesays.com\/es\/wp-json\/wp\/v2\/posts\/150611","targetHints":{"allow":["GET"]}}],"collection":[{"href":"https:\/\/www.europesays.com\/es\/wp-json\/wp\/v2\/posts"}],"about":[{"href":"https:\/\/www.europesays.com\/es\/wp-json\/wp\/v2\/types\/post"}],"author":[{"embeddable":true,"href":"https:\/\/www.europesays.com\/es\/wp-json\/wp\/v2\/users\/2"}],"replies":[{"embeddable":true,"href":"https:\/\/www.europesays.com\/es\/wp-json\/wp\/v2\/comments?post=150611"}],"version-history":[{"count":0,"href":"https:\/\/www.europesays.com\/es\/wp-json\/wp\/v2\/posts\/150611\/revisions"}],"wp:featuredmedia":[{"embeddable":true,"href":"https:\/\/www.europesays.com\/es\/wp-json\/wp\/v2\/media\/150612"}],"wp:attachment":[{"href":"https:\/\/www.europesays.com\/es\/wp-json\/wp\/v2\/media?parent=150611"}],"wp:term":[{"taxonomy":"category","embeddable":true,"href":"https:\/\/www.europesays.com\/es\/wp-json\/wp\/v2\/categories?post=150611"},{"taxonomy":"post_tag","embeddable":true,"href":"https:\/\/www.europesays.com\/es\/wp-json\/wp\/v2\/tags?post=150611"}],"curies":[{"name":"wp","href":"https:\/\/api.w.org\/{rel}","templated":true}]}}