{"id":150621,"date":"2025-10-01T12:24:28","date_gmt":"2025-10-01T12:24:28","guid":{"rendered":"https:\/\/www.europesays.com\/es\/150621\/"},"modified":"2025-10-01T12:24:28","modified_gmt":"2025-10-01T12:24:28","slug":"eli-iserbyt-vuelve-a-los-entrenamientos-pero-no-estara-al-ciento-por-ciento-en-los-primeros-meses","status":"publish","type":"post","link":"https:\/\/www.europesays.com\/es\/150621\/","title":{"rendered":"Eli Iserbyt vuelve a los entrenamientos, pero no estar\u00e1 al ciento por ciento en los primeros meses"},"content":{"rendered":"<p>Eli Iserbyt es una de las principales figuras mundiales en la especialidad de ciclocross. Despu\u00e9s de pasar por el quir\u00f3fano para intentar solucionar los problemas en su arteria il\u00edaca, el corredor belga apunta que ya est\u00e1 entrenando, pero explica que nadie espere de \u00e9l grandes resultados en los primeros meses.<\/p>\n<p><strong>Pauwels Sauzen-Altez Industriebouw<\/strong> tiene en <strong>Eli Iserbyt<\/strong> a una de sus grandes referencias. Ahora, a los 27 a\u00f1os, ha tenido que pasar dos veces por el quir\u00f3fano para intentar solucionar los problemas de dolor que sufr\u00eda en la pierna izquierda y que estaban vinculados a la disminuci\u00f3n del flujo sangu\u00edneo en la arteria inguinal.: \u00abTodo va bastante bien. Es cierto, mi condici\u00f3n f\u00edsica a\u00fan no es lo suficientemente buena como para empezar a competir, por lo que <strong>empezaremos un poco m\u00e1s tarde esta temporada<\/strong>. Pero la semana pasada pude hacer mi primer entrenamiento de ciclocross y me sent\u00ed bien. Eso es lo m\u00e1s importante\u00bb, ha explicado a Sporza.<\/p>\n<p><strong>Eli Iserbyt<\/strong> se ha marcado plazos: \u00abNecesito tener 6-7 buenas semanas para ponerme a punto, ganar fuerza, hacer intervalos y ciclocross. No lo he hecho desde febrero. No es que tenga que volver a aprender a montar en bicicleta, pero tengo que recuperar la forma. \u00bfSi sigo teniendo dolor? Es una pregunta dif\u00edcil. Me han hecho muchos cortes y tengo muchas cicatrices. El dolor que siento est\u00e1 relacionado con esas cicatrices. <strong>La zona m\u00e1s dif\u00edcil es la ingle, porque se pliega mucho al montar en bicicleta<\/strong>. Todav\u00eda hay que soltar algo de tejido, pero si sigo pedaleando, hay muy buenas se\u00f1ales\u00bb.<\/p>\n","protected":false},"excerpt":{"rendered":"Eli Iserbyt es una de las principales figuras mundiales en la especialidad de ciclocross. Despu\u00e9s de pasar por&hellip;\n","protected":false},"author":2,"featured_media":150622,"comment_status":"","ping_status":"","sticky":false,"template":"","format":"standard","meta":{"footnotes":""},"categories":[273],"tags":[313,312,168,25,24,23,167],"class_list":{"0":"post-150621","1":"post","2":"type-post","3":"status-publish","4":"format-standard","5":"has-post-thumbnail","7":"category-ciclismo","8":"tag-ciclismo","9":"tag-cycling","10":"tag-deportes","11":"tag-es","12":"tag-espana","13":"tag-spain","14":"tag-sports"},"share_on_mastodon":{"url":"","error":""},"_links":{"self":[{"href":"https:\/\/www.europesays.com\/es\/wp-json\/wp\/v2\/posts\/150621","targetHints":{"allow":["GET"]}}],"collection":[{"href":"https:\/\/www.europesays.com\/es\/wp-json\/wp\/v2\/posts"}],"about":[{"href":"https:\/\/www.europesays.com\/es\/wp-json\/wp\/v2\/types\/post"}],"author":[{"embeddable":true,"href":"https:\/\/www.europesays.com\/es\/wp-json\/wp\/v2\/users\/2"}],"replies":[{"embeddable":true,"href":"https:\/\/www.europesays.com\/es\/wp-json\/wp\/v2\/comments?post=150621"}],"version-history":[{"count":0,"href":"https:\/\/www.europesays.com\/es\/wp-json\/wp\/v2\/posts\/150621\/revisions"}],"wp:featuredmedia":[{"embeddable":true,"href":"https:\/\/www.europesays.com\/es\/wp-json\/wp\/v2\/media\/150622"}],"wp:attachment":[{"href":"https:\/\/www.europesays.com\/es\/wp-json\/wp\/v2\/media?parent=150621"}],"wp:term":[{"taxonomy":"category","embeddable":true,"href":"https:\/\/www.europesays.com\/es\/wp-json\/wp\/v2\/categories?post=150621"},{"taxonomy":"post_tag","embeddable":true,"href":"https:\/\/www.europesays.com\/es\/wp-json\/wp\/v2\/tags?post=150621"}],"curies":[{"name":"wp","href":"https:\/\/api.w.org\/{rel}","templated":true}]}}