{"id":150631,"date":"2025-10-01T12:30:36","date_gmt":"2025-10-01T12:30:36","guid":{"rendered":"https:\/\/www.europesays.com\/es\/150631\/"},"modified":"2025-10-01T12:30:36","modified_gmt":"2025-10-01T12:30:36","slug":"una-edicion-especial-de-alfaguara-para-celebrar-el-20-aniversario-de-la-saga-crepusculo","status":"publish","type":"post","link":"https:\/\/www.europesays.com\/es\/150631\/","title":{"rendered":"Una edici\u00f3n especial de Alfaguara para celebrar el 20 aniversario de la saga &#8216;Crep\u00fasculo&#8217;"},"content":{"rendered":"<p class=\"article-text\">\n        Madrid, 30 sep (EFE).- \u201cLa serie &#8216;Crep\u00fasculo&#8217; fue el mayor revulsivo en literatura juvenil y precursora del g\u00e9nero &#8216;romantasy&#8217; (fantas\u00eda con romance)\u201d se\u00f1ala la directora de Alfaguara Infantil&amp;Juvenil, Laia Zamarr\u00f3n, editorial que celebra el 20 aniversario de la primera novela de Stephenie Meyer, con una edici\u00f3n especial.\n    <\/p>\n<p class=\"article-text\">\n        La nueva edici\u00f3n del sello de Penguin Random House, cuatro novelas con cantos dorados que esconden la imagen de los protagonistas (Bella y Edward) en un estuche ilustrado, homenajea una historia de amor \u00e9pica que acumula m\u00e1s de tres millones de ejemplares vendidos solo en Espa\u00f1a, informa la editorial.\n    <\/p>\n<p class=\"article-text\">\n        Esta edici\u00f3n especial, ya a la venta, apela a la nostalgia de los lectores de &#8216;Crep\u00fasculo&#8217; y les invita a volver a la historia con una nueva portada envuelta en flores de manzano y un dise\u00f1o decorativo de interior \u00fanico.\n    <\/p>\n<p class=\"article-text\">\n        Sobre esta edici\u00f3n especial se ha manifestado la autora: \u201cMe parece incre\u00edble que hayan pasado 20 a\u00f1os desde que &#8216;Crep\u00fasculo&#8217; se present\u00f3 al mundo, aunque tambi\u00e9n me parece incre\u00edble que solo hayan pasado 20 a\u00f1os\u201d.\n    <\/p>\n<p class=\"article-text\">\n        \u201cEl \u00e9xito de &#8216;Crep\u00fasculo&#8217; ha cambiado mi vida en muchos aspectos, pero lo que no ha cambiado es la gratitud que siento hacia mis lectores. Han sido la mejor parte de esta experiencia desde el primer a\u00f1o hasta el vig\u00e9simo\u201d, ha se\u00f1alado Meyer.\n    <\/p>\n<p class=\"article-text\">\n        \u201cGracias a la oportunidad que los lectores dieron a mis novelas, he podido ganarme la vida escribiendo; un verdadero sue\u00f1o. Nunca dejar\u00e9 de estar agradecida por todo el apoyo y el reconocimiento que he recibido de mis lectores a lo largo de los a\u00f1os\u201d, ha continuado.\n    <\/p>\n<p class=\"article-text\">\n        Publicada originalmente en octubre de 2005, &#8216;Crep\u00fasculo&#8217; lleg\u00f3 a Espa\u00f1a de la mano de Alfaguara en mayo del a\u00f1o siguiente. Desde entonces, cautiv\u00f3 a los lectores atrayendo a millones de personas a un romance juvenil centrado en Bella Swan y Edward Cullen, una joven mortal y el vampiro al que ama.\n    <\/p>\n<p class=\"article-text\">\n        En agosto de 2024, &#8216;Crep\u00fasculo&#8217; se incluy\u00f3 en su lista de las &#8217;50 mejores novelas rom\u00e1nticas&#8217;. La novela alcanz\u00f3 el n\u00famero uno en la lista de los libros m\u00e1s vendidos de The New York Times y USA Today, fue nombrada mejor libro juvenil de todos los tiempos por Time y mejor novela adolescente de la historia por National Public Radio y recibi\u00f3 el Editors\u2019 Choice de The New York Times, adem\u00e1s de otros muchos reconocimientos.\n    <\/p>\n<p class=\"article-text\">\n        Tras la publicaci\u00f3n de &#8216;Crep\u00fasculo&#8217;, Meyer continu\u00f3 la saga con &#8216;Luna nueva&#8217; (2006), &#8216;Eclipse&#8217; (2007) y &#8216;Amanecer&#8217; (2008).\n    <\/p>\n<p class=\"article-text\">\n        Las adaptaciones a la pantalla de los libros de Meyer aumentaron el ya de por s\u00ed gran atractivo de su obra, presentando a sus personajes a trav\u00e9s de las interpretaciones principales de Kristen Stewart (Bella), Robert Pattinson (Edward) y Taylor Lautner (Jacob Black). Entre 2008 y 2012 se estrenaron cinco pel\u00edculas, y la adaptaci\u00f3n del \u00faltimo libro, &#8216;Amanecer&#8217;.\n    <\/p>\n<p class=\"article-text\">\n        El universo de &#8216;Crep\u00fasculo&#8217; sigui\u00f3 creciendo en 2020, cuando Stephenie Meyer public\u00f3 &#8216;Sol de medianoche&#8217;, una versi\u00f3n que actualmente Netflix est\u00e1 adaptando a una serie animada.\n    <\/p>\n","protected":false},"excerpt":{"rendered":"Madrid, 30 sep (EFE).- \u201cLa serie &#8216;Crep\u00fasculo&#8217; fue el mayor revulsivo en literatura juvenil y precursora del g\u00e9nero&hellip;\n","protected":false},"author":2,"featured_media":150632,"comment_status":"","ping_status":"","sticky":false,"template":"","format":"standard","meta":{"footnotes":""},"categories":[172],"tags":[4248,31812,9807,224,16218,45751,2197,146,147,25,24,12608,225,11498,23],"class_list":{"0":"post-150631","1":"post","2":"type-post","3":"status-publish","4":"format-standard","5":"has-post-thumbnail","7":"category-libros","8":"tag-4248","9":"tag-alfaguara","10":"tag-aniversario","11":"tag-books","12":"tag-celebrar","13":"tag-crepusculo","14":"tag-edicion","15":"tag-entertainment","16":"tag-entretenimiento","17":"tag-es","18":"tag-espana","19":"tag-especial","20":"tag-libros","21":"tag-saga","22":"tag-spain"},"share_on_mastodon":{"url":"","error":""},"_links":{"self":[{"href":"https:\/\/www.europesays.com\/es\/wp-json\/wp\/v2\/posts\/150631","targetHints":{"allow":["GET"]}}],"collection":[{"href":"https:\/\/www.europesays.com\/es\/wp-json\/wp\/v2\/posts"}],"about":[{"href":"https:\/\/www.europesays.com\/es\/wp-json\/wp\/v2\/types\/post"}],"author":[{"embeddable":true,"href":"https:\/\/www.europesays.com\/es\/wp-json\/wp\/v2\/users\/2"}],"replies":[{"embeddable":true,"href":"https:\/\/www.europesays.com\/es\/wp-json\/wp\/v2\/comments?post=150631"}],"version-history":[{"count":0,"href":"https:\/\/www.europesays.com\/es\/wp-json\/wp\/v2\/posts\/150631\/revisions"}],"wp:featuredmedia":[{"embeddable":true,"href":"https:\/\/www.europesays.com\/es\/wp-json\/wp\/v2\/media\/150632"}],"wp:attachment":[{"href":"https:\/\/www.europesays.com\/es\/wp-json\/wp\/v2\/media?parent=150631"}],"wp:term":[{"taxonomy":"category","embeddable":true,"href":"https:\/\/www.europesays.com\/es\/wp-json\/wp\/v2\/categories?post=150631"},{"taxonomy":"post_tag","embeddable":true,"href":"https:\/\/www.europesays.com\/es\/wp-json\/wp\/v2\/tags?post=150631"}],"curies":[{"name":"wp","href":"https:\/\/api.w.org\/{rel}","templated":true}]}}