{"id":150639,"date":"2025-10-01T12:34:17","date_gmt":"2025-10-01T12:34:17","guid":{"rendered":"https:\/\/www.europesays.com\/es\/150639\/"},"modified":"2025-10-01T12:34:17","modified_gmt":"2025-10-01T12:34:17","slug":"aaron-2027-real-oviedo","status":"publish","type":"post","link":"https:\/\/www.europesays.com\/es\/150639\/","title":{"rendered":"Aar\u00f3n: 2027 | Real Oviedo"},"content":{"rendered":"<p>Nuestro guardameta, Aaron Escandell, tras alcanzar el objetivo de partidos disputados, prolonga autom\u00e1ticamente su vinculaci\u00f3n con el Real Oviedo hasta el 30 de junio de 2027, por lo que el valenciano seguir\u00e1 defendiendo la porter\u00eda azul una campa\u00f1a m\u00e1s.<\/p>\n<p>Llegado al Carlos Tartiere en el verano de 2024 procedente de la Uni\u00f3n Deportiva Las Palmas, Aaron Escandell se ha consolidado desde el primer momento como uno de los pilares fundamentales del equipo. Su seguridad bajo palos, car\u00e1cter competitivo y capacidad de liderazgo le han permitido convertirse en una referencia dentro del proyecto deportivo del Real Oviedo.<\/p>\n<p>En su primera temporada como oviedista, el portero tuvo un papel clave en el gran rendimiento del equipo, siendo determinante en fases decisivas de la competici\u00f3n y pieza esencial en el ascenso a Primera Divisi\u00f3n. Este curso, ya en la m\u00e1xima categor\u00eda, el valenciano ha mantenido el nivel de exigencia, ofreciendo actuaciones de gran solidez y garantizando estabilidad y seguridad a la porter\u00eda de los de la capital del Principado.<\/p>\n<p>Con esta renovaci\u00f3n, el Real Oviedo y el Grupo Pachuca aseguran la continuidad de un futbolista que representa el compromiso, el trabajo y la ambici\u00f3n de un proyecto que sigue creciendo con el objetivo de llevar al Club lo m\u00e1s alto posible.<\/p>\n","protected":false},"excerpt":{"rendered":"Nuestro guardameta, Aaron Escandell, tras alcanzar el objetivo de partidos disputados, prolonga autom\u00e1ticamente su vinculaci\u00f3n con el Real&hellip;\n","protected":false},"author":2,"featured_media":150640,"comment_status":"","ping_status":"","sticky":false,"template":"","format":"standard","meta":{"footnotes":""},"categories":[93],"tags":[168,25,24,23,167],"class_list":{"0":"post-150639","1":"post","2":"type-post","3":"status-publish","4":"format-standard","5":"has-post-thumbnail","7":"category-deportes","8":"tag-deportes","9":"tag-es","10":"tag-espana","11":"tag-spain","12":"tag-sports"},"share_on_mastodon":{"url":"","error":""},"_links":{"self":[{"href":"https:\/\/www.europesays.com\/es\/wp-json\/wp\/v2\/posts\/150639","targetHints":{"allow":["GET"]}}],"collection":[{"href":"https:\/\/www.europesays.com\/es\/wp-json\/wp\/v2\/posts"}],"about":[{"href":"https:\/\/www.europesays.com\/es\/wp-json\/wp\/v2\/types\/post"}],"author":[{"embeddable":true,"href":"https:\/\/www.europesays.com\/es\/wp-json\/wp\/v2\/users\/2"}],"replies":[{"embeddable":true,"href":"https:\/\/www.europesays.com\/es\/wp-json\/wp\/v2\/comments?post=150639"}],"version-history":[{"count":0,"href":"https:\/\/www.europesays.com\/es\/wp-json\/wp\/v2\/posts\/150639\/revisions"}],"wp:featuredmedia":[{"embeddable":true,"href":"https:\/\/www.europesays.com\/es\/wp-json\/wp\/v2\/media\/150640"}],"wp:attachment":[{"href":"https:\/\/www.europesays.com\/es\/wp-json\/wp\/v2\/media?parent=150639"}],"wp:term":[{"taxonomy":"category","embeddable":true,"href":"https:\/\/www.europesays.com\/es\/wp-json\/wp\/v2\/categories?post=150639"},{"taxonomy":"post_tag","embeddable":true,"href":"https:\/\/www.europesays.com\/es\/wp-json\/wp\/v2\/tags?post=150639"}],"curies":[{"name":"wp","href":"https:\/\/api.w.org\/{rel}","templated":true}]}}