{"id":150649,"date":"2025-10-01T12:45:08","date_gmt":"2025-10-01T12:45:08","guid":{"rendered":"https:\/\/www.europesays.com\/es\/150649\/"},"modified":"2025-10-01T12:45:08","modified_gmt":"2025-10-01T12:45:08","slug":"algeciras-celebra-el-dia-internacional-del-mayor-con-distintas-actividades","status":"publish","type":"post","link":"https:\/\/www.europesays.com\/es\/150649\/","title":{"rendered":"Algeciras celebra el D\u00eda Internacional del Mayor con distintas actividades"},"content":{"rendered":"<p>La concejal delegada de Atenci\u00f3n al Mayor, Patricia Bueno, acompa\u00f1ada del teniente de alcalde delegado de Deportes y Participaci\u00f3n Ciudadana, Jorge Juli\u00e1, ha asistido en la jornada de hoy a las diferentes actividades que estaban programadas para conmemorar el D\u00eda Internacional del Mayor, que se celebra hoy d\u00eda 1 de octubre.\u00a0<\/p>\n<p>\u00a0<\/p>\n<p>La jornada ha comenzado con la entrega de placas conmemorativas en el Centro de Participaci\u00f3n Activa de San Jos\u00e9 Artesano, un acto cargado de emoci\u00f3n y reconocimiento hacia quienes han dedicado su vida al desarrollo de la sociedad algecire\u00f1a.\u00a0<\/p>\n<p>\u00a0<\/p>\n<p>Posteriormente, en el Pabell\u00f3n Municipal Ciudad de Algeciras\u2013Dr. Juan Carlos Mateo, se ha llevado a cabo una exhibici\u00f3n de f\u00fatbol sala, donde los mayores del mismo centro han demostrado que la energ\u00eda y las ganas de disfrutar del deporte no entienden de edad.<\/p>\n<p>\u00a0<\/p>\n<p>Las actividades con motivo del D\u00eda Internacional del Mayor continuar\u00e1n ma\u00f1ana, 2 de octubre, a partir de las 10:00 horas en el Centro Comercial Puerta Europa, con la celebraci\u00f3n de una yincana para mayores, pensada para fomentar la convivencia, la actividad f\u00edsica y el entretenimiento.<\/p>\n<p>\u00a0<\/p>\n<p>Bueno, ha se\u00f1alado que \u201chemos dise\u00f1ado un programa variado de actividades para que nuestros mayores, durante distintas jornadas, conmemoren el D\u00eda Internacional del Mayor, combinando deporte, ocio y convivencia. Queremos que se sientan protagonistas y que vivan con ilusi\u00f3n unas actividades pensadas especialmente para ellos, porque se lo merecen\u201d.<\/p>\n<p>\u00a0<\/p>\n<p>El alcalde de Algeciras, Jos\u00e9 Ignacio Landaluce, ha querido felicitar a todos los mayores en su d\u00eda y ha destacado que \u201cnuestros mayores son un pilar fundamental de la ciudad. Representan la experiencia, la memoria y los valores que sostienen a nuestra sociedad. Desde el Ayuntamiento seguiremos impulsando iniciativas para reconocer su labor y fomentar su participaci\u00f3n activa en la vida de Algeciras\u201d.<\/p>\n","protected":false},"excerpt":{"rendered":"La concejal delegada de Atenci\u00f3n al Mayor, Patricia Bueno, acompa\u00f1ada del teniente de alcalde delegado de Deportes y&hellip;\n","protected":false},"author":2,"featured_media":150650,"comment_status":"","ping_status":"","sticky":false,"template":"","format":"standard","meta":{"footnotes":""},"categories":[8],"tags":[17,18,25,24,13,14,11,19,20,9,10,15,16,23,12,21,22],"class_list":{"0":"post-150649","1":"post","2":"type-post","3":"status-publish","4":"format-standard","5":"has-post-thumbnail","7":"category-espana","8":"tag-breaking-news","9":"tag-breakingnews","10":"tag-es","11":"tag-espana","12":"tag-featured-news","13":"tag-featurednews","14":"tag-headlines","15":"tag-latest-news","16":"tag-latestnews","17":"tag-news","18":"tag-noticias","19":"tag-noticias-destacadas","20":"tag-noticiasdestacadas","21":"tag-spain","22":"tag-titulares","23":"tag-ultimas-noticias","24":"tag-ultimasnoticias"},"share_on_mastodon":{"url":"","error":""},"_links":{"self":[{"href":"https:\/\/www.europesays.com\/es\/wp-json\/wp\/v2\/posts\/150649","targetHints":{"allow":["GET"]}}],"collection":[{"href":"https:\/\/www.europesays.com\/es\/wp-json\/wp\/v2\/posts"}],"about":[{"href":"https:\/\/www.europesays.com\/es\/wp-json\/wp\/v2\/types\/post"}],"author":[{"embeddable":true,"href":"https:\/\/www.europesays.com\/es\/wp-json\/wp\/v2\/users\/2"}],"replies":[{"embeddable":true,"href":"https:\/\/www.europesays.com\/es\/wp-json\/wp\/v2\/comments?post=150649"}],"version-history":[{"count":0,"href":"https:\/\/www.europesays.com\/es\/wp-json\/wp\/v2\/posts\/150649\/revisions"}],"wp:featuredmedia":[{"embeddable":true,"href":"https:\/\/www.europesays.com\/es\/wp-json\/wp\/v2\/media\/150650"}],"wp:attachment":[{"href":"https:\/\/www.europesays.com\/es\/wp-json\/wp\/v2\/media?parent=150649"}],"wp:term":[{"taxonomy":"category","embeddable":true,"href":"https:\/\/www.europesays.com\/es\/wp-json\/wp\/v2\/categories?post=150649"},{"taxonomy":"post_tag","embeddable":true,"href":"https:\/\/www.europesays.com\/es\/wp-json\/wp\/v2\/tags?post=150649"}],"curies":[{"name":"wp","href":"https:\/\/api.w.org\/{rel}","templated":true}]}}