{"id":150651,"date":"2025-10-01T12:46:20","date_gmt":"2025-10-01T12:46:20","guid":{"rendered":"https:\/\/www.europesays.com\/es\/150651\/"},"modified":"2025-10-01T12:46:20","modified_gmt":"2025-10-01T12:46:20","slug":"la-comunidad-de-madrid-empieza-hoy-a-vacunar-a-bebes-para-protegerlos-del-virus-que-causa-la-bronquiolitis","status":"publish","type":"post","link":"https:\/\/www.europesays.com\/es\/150651\/","title":{"rendered":"La Comunidad de Madrid empieza hoy a vacunar a beb\u00e9s para protegerlos del virus que causa la bronquiolitis"},"content":{"rendered":"<p>La Comunidad de Madrid comienza hoy a vacunar a los beb\u00e9s para protegerlos frente al virus respiratorio sincitial (VRS), causante \u2013entre otras infecciones\u2013 de la bronquiolitis. Se estima que los beneficiarios de esta tercera campa\u00f1a anual ser\u00e1n alrededor de 50.000 lactantes. <\/p>\n<p>Los ni\u00f1os con menos de seis meses \u2013nacidos entre el 1 de abril y el 30 de septiembre de este a\u00f1o\u2013 ser\u00e1n inmunizados a lo largo del mes de octubre con <a href=\"https:\/\/autocitavacuna.sanidadmadrid.org\/autocita\/\" rel=\"nofollow noopener\" target=\"_blank\">cita previa<\/a> en nueve hospitales p\u00fablicos del Servicio Madrile\u00f1o de Salud: 12 de Octubre, Ni\u00f1o Jes\u00fas, Gregorio Mara\u00f1\u00f3n y La Paz, todos ellos en la capital, as\u00ed como Puerta de Hierro Majadahonda, Sureste (Arganda del Rey), M\u00f3stoles, Infanta Cristina (Parla) y Henares (Coslada).<\/p>\n<p>Por su parte, los que lo hagan entre el 1 de octubre de este a\u00f1o y el 31 de marzo de 2026, temporada de transmisi\u00f3n del VRS, recibir\u00e1n esta protecci\u00f3n en las maternidades de la regi\u00f3n donde nazcan, antes de recibir el alta hospitalaria.<\/p>\n<p>Para informar a las familias, la Direcci\u00f3n General de Salud P\u00fablica de la Consejer\u00eda de Sanidad les ha enviado mensajes SMS y ha elaborado materiales divulgativos en espa\u00f1ol, franc\u00e9s, ingl\u00e9s, \u00e1rabe y chino, que se distribuir\u00e1n en los hospitales y centros de salud p\u00fablicos, y tambi\u00e9n estar\u00e1n disponibles en esta <a href=\"https:\/\/www.comunidad.madrid\/servicios\/salud\/virus-respiratorio-sincitial-vrs\" rel=\"nofollow noopener\" target=\"_blank\">web<\/a>.<\/p>\n<p>Este es el tercer a\u00f1o que la Comunidad de Madrid toma esta medida, tras adoptarla de manera pionera. En la temporada 2024\/25 se alcanz\u00f3 una cobertura del 90% de la poblaci\u00f3n diana, con 45.957 vacunados, volviendo a demostrar su eficacia y seguridad, con una reducci\u00f3n significativa de casos tanto en Atenci\u00f3n Primaria como en hospitales, donde los ingresos bajaron hasta en un 90% respecto a los a\u00f1os previos al inicio del programa.<\/p>\n","protected":false},"excerpt":{"rendered":"La Comunidad de Madrid comienza hoy a vacunar a los beb\u00e9s para protegerlos frente al virus respiratorio sincitial&hellip;\n","protected":false},"author":2,"featured_media":79722,"comment_status":"","ping_status":"","sticky":false,"template":"","format":"standard","meta":{"footnotes":""},"categories":[5],"tags":[17,18,25,24,13,14,11,19,20,9,10,15,16,23,12,21,22],"class_list":{"0":"post-150651","1":"post","2":"type-post","3":"status-publish","4":"format-standard","5":"has-post-thumbnail","7":"category-titulares","8":"tag-breaking-news","9":"tag-breakingnews","10":"tag-es","11":"tag-espana","12":"tag-featured-news","13":"tag-featurednews","14":"tag-headlines","15":"tag-latest-news","16":"tag-latestnews","17":"tag-news","18":"tag-noticias","19":"tag-noticias-destacadas","20":"tag-noticiasdestacadas","21":"tag-spain","22":"tag-titulares","23":"tag-ultimas-noticias","24":"tag-ultimasnoticias"},"share_on_mastodon":{"url":"","error":""},"_links":{"self":[{"href":"https:\/\/www.europesays.com\/es\/wp-json\/wp\/v2\/posts\/150651","targetHints":{"allow":["GET"]}}],"collection":[{"href":"https:\/\/www.europesays.com\/es\/wp-json\/wp\/v2\/posts"}],"about":[{"href":"https:\/\/www.europesays.com\/es\/wp-json\/wp\/v2\/types\/post"}],"author":[{"embeddable":true,"href":"https:\/\/www.europesays.com\/es\/wp-json\/wp\/v2\/users\/2"}],"replies":[{"embeddable":true,"href":"https:\/\/www.europesays.com\/es\/wp-json\/wp\/v2\/comments?post=150651"}],"version-history":[{"count":0,"href":"https:\/\/www.europesays.com\/es\/wp-json\/wp\/v2\/posts\/150651\/revisions"}],"wp:featuredmedia":[{"embeddable":true,"href":"https:\/\/www.europesays.com\/es\/wp-json\/wp\/v2\/media\/79722"}],"wp:attachment":[{"href":"https:\/\/www.europesays.com\/es\/wp-json\/wp\/v2\/media?parent=150651"}],"wp:term":[{"taxonomy":"category","embeddable":true,"href":"https:\/\/www.europesays.com\/es\/wp-json\/wp\/v2\/categories?post=150651"},{"taxonomy":"post_tag","embeddable":true,"href":"https:\/\/www.europesays.com\/es\/wp-json\/wp\/v2\/tags?post=150651"}],"curies":[{"name":"wp","href":"https:\/\/api.w.org\/{rel}","templated":true}]}}