{"id":150654,"date":"2025-10-01T12:48:07","date_gmt":"2025-10-01T12:48:07","guid":{"rendered":"https:\/\/www.europesays.com\/es\/150654\/"},"modified":"2025-10-01T12:48:07","modified_gmt":"2025-10-01T12:48:07","slug":"felix-san-roman-baja-en-guadarrama-debido-a-una-lesion-en-el-hombro-izquierdo","status":"publish","type":"post","link":"https:\/\/www.europesays.com\/es\/150654\/","title":{"rendered":"F\u00e9lix San Rom\u00e1n, baja en Guadarrama debido a una lesi\u00f3n en el hombro izquierdo"},"content":{"rendered":"<p>El novillero <strong>F\u00e9lix San Rom\u00e1n<\/strong> no har\u00e1 el pase\u00edllo este domingo, 5 de octubre, en la plaza de toros de <strong>Guadarrama<\/strong>. El joven espada ha anunciado que da por finalizada la temporada debido a una importante lesi\u00f3n en su hombro izquierdo producida por una voltereta en <strong>Sonseca<\/strong> el pasado 13 de septiembre. Ese d\u00eda, tras las pruebas pertinentes en el <strong>Hospital de Toledo<\/strong>, se le diagnostic\u00f3 una <strong>\u00abrotura parcial del tend\u00f3n supraespinoso del hombro izquierdo\u00bb<\/strong>.<\/p>\n<p>Para poder cumplir con los compromisos posteriores en <strong>Moralzarzal<\/strong> y <strong>Mejorada del Campo<\/strong>, <strong>F\u00e9lix San Rom\u00e1n<\/strong> recurri\u00f3 a las infiltraciones articulares con el objetivo de <strong>\u00abalivio sintom\u00e1tico\u00bb<\/strong>. Sin embargo, este pasado s\u00e1bado, otra cogida hizo que la magnitud de dicha rotura se viera incrementada y que consecuentemente el dolor y la limitaci\u00f3n funcional le imposibilitaran torear.<\/p>\n","protected":false},"excerpt":{"rendered":"El novillero F\u00e9lix San Rom\u00e1n no har\u00e1 el pase\u00edllo este domingo, 5 de octubre, en la plaza de&hellip;\n","protected":false},"author":2,"featured_media":150655,"comment_status":"","ping_status":"","sticky":false,"template":"","format":"standard","meta":{"footnotes":""},"categories":[277],"tags":[45,373,168,5401,25,24,38501,23,167,374],"class_list":{"0":"post-150654","1":"post","2":"type-post","3":"status-publish","4":"format-standard","5":"has-post-thumbnail","7":"category-toreo","8":"tag-45","9":"tag-bullfighting","10":"tag-deportes","11":"tag-enfermeria","12":"tag-es","13":"tag-espana","14":"tag-felix-san-roman","15":"tag-spain","16":"tag-sports","17":"tag-toreo"},"share_on_mastodon":{"url":"","error":""},"_links":{"self":[{"href":"https:\/\/www.europesays.com\/es\/wp-json\/wp\/v2\/posts\/150654","targetHints":{"allow":["GET"]}}],"collection":[{"href":"https:\/\/www.europesays.com\/es\/wp-json\/wp\/v2\/posts"}],"about":[{"href":"https:\/\/www.europesays.com\/es\/wp-json\/wp\/v2\/types\/post"}],"author":[{"embeddable":true,"href":"https:\/\/www.europesays.com\/es\/wp-json\/wp\/v2\/users\/2"}],"replies":[{"embeddable":true,"href":"https:\/\/www.europesays.com\/es\/wp-json\/wp\/v2\/comments?post=150654"}],"version-history":[{"count":0,"href":"https:\/\/www.europesays.com\/es\/wp-json\/wp\/v2\/posts\/150654\/revisions"}],"wp:featuredmedia":[{"embeddable":true,"href":"https:\/\/www.europesays.com\/es\/wp-json\/wp\/v2\/media\/150655"}],"wp:attachment":[{"href":"https:\/\/www.europesays.com\/es\/wp-json\/wp\/v2\/media?parent=150654"}],"wp:term":[{"taxonomy":"category","embeddable":true,"href":"https:\/\/www.europesays.com\/es\/wp-json\/wp\/v2\/categories?post=150654"},{"taxonomy":"post_tag","embeddable":true,"href":"https:\/\/www.europesays.com\/es\/wp-json\/wp\/v2\/tags?post=150654"}],"curies":[{"name":"wp","href":"https:\/\/api.w.org\/{rel}","templated":true}]}}