{"id":150687,"date":"2025-10-01T13:18:07","date_gmt":"2025-10-01T13:18:07","guid":{"rendered":"https:\/\/www.europesays.com\/es\/150687\/"},"modified":"2025-10-01T13:18:07","modified_gmt":"2025-10-01T13:18:07","slug":"donald-trump-responde-a-la-dedicatoria-que-le-dirigio-el-equipo-europeo-tras-ganar-la-ryder","status":"publish","type":"post","link":"https:\/\/www.europesays.com\/es\/150687\/","title":{"rendered":"Donald Trump responde a la dedicatoria que le dirigi\u00f3 el equipo europeo tras ganar la Ryder"},"content":{"rendered":"<p data-mrf-recirculation=\"Links P\u00e1rrafos\" class=\"ue-c-article__paragraph paragraph ue-c-article--first-letter-highlighted\">D<strong>onald Trump<\/strong> contest\u00f3 al equipo europeo de la Ryder Cup que le dedic\u00f3 un v\u00eddeo tras su <strong><a href=\"https:\/\/www.marca.com\/golf\/ryder-cup\/2025\/09\/28\/europa-frena-brutal-carga-estados-unidos-gana-ryder-cup.html\" target=\"_blank\" rel=\"nofollow noopener\">victoria ante Estados Unidos por 15-13<\/a><\/strong>. <strong>Con Rory McIlroy a la cabeza<\/strong>, los jugadores se grabaron, trofeo en mano, mientras cantaban: <strong>\u00ab\u00bfEst\u00e1s viendo, Donald Trump?\u00bb.<\/strong><\/p>\n<p>McIlroy y el equipo de Europa tras ganar la Ryder Cup: \u00ab\u00bfEst\u00e1s viendo a Donald Trump?\u00bb<\/p>\n<p data-mrf-recirculation=\"Links P\u00e1rrafos\" class=\"ue-c-article__paragraph paragraph\">El <strong>presidente de los Estados Unidos<\/strong>, que acudi\u00f3 al campo de Nueva York durante la primera jornada de la Ryder, respondi\u00f3 a trav\u00e9s de las redes sociales con un mensaje que bien se puede catalogar de pol\u00edticamente correcto: \u00ab\u00bbS\u00ed, estoy viendo. \u00a1Felicidades!\u00bb.<\/p>\n<p data-mrf-recirculation=\"Links P\u00e1rrafos\" class=\"ue-c-article__paragraph paragraph\">Trump evit\u00f3 cualquier pol\u00e9mica y no entr\u00f3 al trapo ante el mensaje lanzado por\u00a0<strong>Rory McIlroy,\u00a0Justin Rose, Jon Rahm y compa\u00f1\u00eda, mientras\u00a0Luke Donald,<\/strong> capit\u00e1n del equipo europeo, sosten\u00eda el trofeo que ha retenido el Viejo Continente.\u00a0<\/p>\n","protected":false},"excerpt":{"rendered":"Donald Trump contest\u00f3 al equipo europeo de la Ryder Cup que le dedic\u00f3 un v\u00eddeo tras su victoria&hellip;\n","protected":false},"author":2,"featured_media":150688,"comment_status":"","ping_status":"","sticky":false,"template":"","format":"standard","meta":{"footnotes":""},"categories":[275],"tags":[168,25,24,329,23,167],"class_list":{"0":"post-150687","1":"post","2":"type-post","3":"status-publish","4":"format-standard","5":"has-post-thumbnail","7":"category-golf","8":"tag-deportes","9":"tag-es","10":"tag-espana","11":"tag-golf","12":"tag-spain","13":"tag-sports"},"share_on_mastodon":{"url":"","error":""},"_links":{"self":[{"href":"https:\/\/www.europesays.com\/es\/wp-json\/wp\/v2\/posts\/150687","targetHints":{"allow":["GET"]}}],"collection":[{"href":"https:\/\/www.europesays.com\/es\/wp-json\/wp\/v2\/posts"}],"about":[{"href":"https:\/\/www.europesays.com\/es\/wp-json\/wp\/v2\/types\/post"}],"author":[{"embeddable":true,"href":"https:\/\/www.europesays.com\/es\/wp-json\/wp\/v2\/users\/2"}],"replies":[{"embeddable":true,"href":"https:\/\/www.europesays.com\/es\/wp-json\/wp\/v2\/comments?post=150687"}],"version-history":[{"count":0,"href":"https:\/\/www.europesays.com\/es\/wp-json\/wp\/v2\/posts\/150687\/revisions"}],"wp:featuredmedia":[{"embeddable":true,"href":"https:\/\/www.europesays.com\/es\/wp-json\/wp\/v2\/media\/150688"}],"wp:attachment":[{"href":"https:\/\/www.europesays.com\/es\/wp-json\/wp\/v2\/media?parent=150687"}],"wp:term":[{"taxonomy":"category","embeddable":true,"href":"https:\/\/www.europesays.com\/es\/wp-json\/wp\/v2\/categories?post=150687"},{"taxonomy":"post_tag","embeddable":true,"href":"https:\/\/www.europesays.com\/es\/wp-json\/wp\/v2\/tags?post=150687"}],"curies":[{"name":"wp","href":"https:\/\/api.w.org\/{rel}","templated":true}]}}