{"id":150739,"date":"2025-10-01T13:56:18","date_gmt":"2025-10-01T13:56:18","guid":{"rendered":"https:\/\/www.europesays.com\/es\/150739\/"},"modified":"2025-10-01T13:56:18","modified_gmt":"2025-10-01T13:56:18","slug":"la-secuela-de-la-pelicula-de-los-simpson-ya-tiene-fecha-de-estreno-la-voz-de-galicia","status":"publish","type":"post","link":"https:\/\/www.europesays.com\/es\/150739\/","title":{"rendered":"La secuela de la pel\u00edcula de Los Simpson ya tiene fecha de estreno &#8211; La Voz de Galicia"},"content":{"rendered":"<ol>\n<li><a href=\"https:\/\/news.google.com\/rss\/articles\/CBMixAFBVV95cUxPN1ctOWN3amZqU2x0UVd1MFdhZUhSUGhVdHB5M3NHcmRKNEgwa2ZZb29WR29wRmtaZEJyZHJNSHBBSFNHNWxIUDh4ZHZjWjJ1SHB4Y19pWXlLenpnQk1nQm1YT1cxcWJtTk1wQUtLVmR5Ymg3Q0RNUXN6a2cyZEgyb0pjSk56Q3Jtb2ZLZlh5U0l4U2syWW5sQTVCUi02TWRjOW9yay1PT0FhX2VmckdiTE9DbV9KUmlCUFR3dlY1WkQtMWN30gHgAUFVX3lxTE5TS0pxN2NKN3VuQjhRNFVMYzhtS2dDN1RoSl9QeEFMMXVDazdUYXpFUTMyU25WRkVsei16TWJCbEJkMGpKZnVubF9odTl0MURKQUdNSG0tXzR4NDBTakluaGczWEhtWHhjUEt5dUd3NzV0NS1LcVpDdXNnUkRJNVNSWi1uTUw4eHBoY1RydDIxQVpGLUxWd3hnSTJzMkgwQkJsSWpEUzJjMjNsR3NEWjVQbjZabHFILUxLUS1pZTdWVm1rM1QwbXhwMFBEa0VRWF9JMGJaQUtQaUxEWHNOT2x6?oc=5\" target=\"_blank\" rel=\"nofollow noopener\">La secuela de la pel\u00edcula de Los Simpson ya tiene fecha de estreno<\/a>&nbsp;&nbsp;La Voz de Galicia<\/li>\n<li><a href=\"https:\/\/news.google.com\/rss\/articles\/CBMie0FVX3lxTE1nNXczcDhPUXVHaVhoUWM0TmxMWi1BMlFCa3YxSS1sZHg0VjRacldqcFpNemlITTBNV0ZCcWFoNG5VekFVd19PSndRbWVXQkdKOHZxLUNPWEoyZ2ozNmhMNzdHenJVSEhic3JCR0VzTkVJaWEtQXEwZG1ZRdIBe0FVX3lxTE9iT1FyajJ4VnhDUFJPdG52VmdIaVZ4VFVZenA4SHplazBPN2FROEdva0xfUC1Qc1pQdW1BTTlpZldnbm1HUUFPRlQ1TThJRmlFRnQtWW1NR2RfX2loeGVnbk9rMmg1R05lWDZoTFFVYnpaWGVlNnZzM0NyYw?oc=5\" target=\"_blank\" rel=\"nofollow noopener\">&#8216;Los Simpson&#8217; volver\u00e1 a los cines en verano de 2027<\/a>&nbsp;&nbsp;El Mundo<\/li>\n<li><a href=\"https:\/\/news.google.com\/rss\/articles\/CBMizAFBVV95cUxOSWRlSkNIMkZaR1lzQlNxQUk0YVh3ajROZUg3THJ1T1ZzcHYzT2h6Sjl3T1NsYkJTU3lEOENKajlrOVc3SlNwQnpCZGdxSElneC1xU2J1RmxtUFFhWGtuYXBncmg0eFkzTUxTODJnemttQ3ZkS0VHc1ZRVU5PMjUwUjk3S0Q1QzBaSmt3cnZRbXAwUDAwM2U3RC1kSGdRS1FNVk1YN241MElqVENIRmhnaEc4RkpTWWNiWEtXSlJidURJS19GejZ5R1Z2dkM?oc=5\" target=\"_blank\" rel=\"nofollow noopener\">\u2018Los Simpson\u2019 anuncia su secuela justo 20 a\u00f1os despu\u00e9s de la primera pel\u00edcula, como ya predijeron<\/a>&nbsp;&nbsp;EL PA\u00cdS<\/li>\n<li><a href=\"https:\/\/news.google.com\/rss\/articles\/CBMiuAFBVV95cUxPTGRVRjU0d196Qm1VbVQ1Rjh4cmxFSW95RjFobF9nYmVvbjViM0ZxMXhKdEtyNDFJT01JNkFUb0xrRTNDaUJnLW5HWXJBNlRvZksxbG1aSXEtZ0taTkZxaWhOVWlTcUlhMGFyekhLODc4QVF5Sks5azhKcnFKS25lMF9PdW9EZVhOcnZTZXRFYnVxM2Q0NEx2TDRjbWRvcEZDVlU0MzFmczZBSlpuUkl1aTRyOWJTZXFV0gHMAUFVX3lxTE90VkF1ZjFFNHhFUENoQjVwY3RVc05jWGFDV0pOTTBWUjAxNDhoRWNGcGFuTm0zNHNLZVNqaERycGVfVV9veWN3SHFJbDEyNTI2RE9yV3JXYVVtWS1EXzVQeDVpay1oNGVkYzlYaE1EQUJLRWFMUnJxLTcxUnB4SkhHZGFXSWVwUnBhTkJibExhaFNDTEE5Z0s2TUV6S3NCeUVjVXZZbmhDTVE3M2xZMDE3Ui1qY3FlZ3R0bkFzUGZEQkFjX0NLVkV4anJ4ag?oc=5\" target=\"_blank\" rel=\"nofollow noopener\">10 curiosidades de &#8216;Los Simpson: La Pel\u00edcula&#8217; que no conoc\u00edas<\/a>&nbsp;&nbsp;La Raz\u00f3n<\/li>\n<li><a href=\"https:\/\/news.google.com\/rss\/articles\/CBMisgFBVV95cUxNODBuV0NlZTYtSHdXZWNlRkd6Z3VMbUNqM3lwNjhwZXFvQm5ZMGxKUWl2ZHJXV25ianNRRHIzazJhV0M1SS15bHI4S2tZbk82YTJTS1IyaERqQXVienV2R0F4ajY3Z3d6WTFZY1BRQm85bnJoamlpeHFUOGRXeDh6ZDR2LVpZWkpnbmllX3V2bW5XR2J6SzU4bUtRUHBFbU9YbGppY1lUUXl6X3JYamthTUpR0gG3AUFVX3lxTFBJUGY1TEUzaWVwR1pIX3hYVGZUTUxCMHFlcTh0djJOVGdITm55MGxwbXdZd1JtRWVaZ1MzdlBJaVYzYWhMZERsYXQ4T0xTejgta3c1OE1RVk82Y1Z1OEZuemY3QjBXMHhzNXlkU0pZcW9NclNLb2ozcUhVQzUtekVmN245Zm1UVHJIMnVCT2ttWnlVdmo0SEMzOW5NTU5QbHk5ME9KYUVnMVpjYjczd2x0ckpXZzg0cw?oc=5\" target=\"_blank\" rel=\"nofollow noopener\">37 temporadas y 20 a\u00f1os despu\u00e9s de su primera pel\u00edcula, &#8216;Los Simpson&#8217; estrenar\u00e1n una secuela en cines<\/a>&nbsp;&nbsp;El Confidencial<\/li>\n<\/ol>\n","protected":false},"excerpt":{"rendered":"La secuela de la pel\u00edcula de Los Simpson ya tiene fecha de estreno&nbsp;&nbsp;La Voz de Galicia &#8216;Los Simpson&#8217;&hellip;\n","protected":false},"author":2,"featured_media":150740,"comment_status":"","ping_status":"","sticky":false,"template":"","format":"standard","meta":{"footnotes":""},"categories":[169],"tags":[177,146,147,25,24,176,36440,175,38533,23],"class_list":{"0":"post-150739","1":"post","2":"type-post","3":"status-publish","4":"format-standard","5":"has-post-thumbnail","7":"category-cine","8":"tag-cine","9":"tag-entertainment","10":"tag-entretenimiento","11":"tag-es","12":"tag-espana","13":"tag-film","14":"tag-los-simpson","15":"tag-movies","16":"tag-premios-emmy","17":"tag-spain"},"share_on_mastodon":{"url":"","error":""},"_links":{"self":[{"href":"https:\/\/www.europesays.com\/es\/wp-json\/wp\/v2\/posts\/150739","targetHints":{"allow":["GET"]}}],"collection":[{"href":"https:\/\/www.europesays.com\/es\/wp-json\/wp\/v2\/posts"}],"about":[{"href":"https:\/\/www.europesays.com\/es\/wp-json\/wp\/v2\/types\/post"}],"author":[{"embeddable":true,"href":"https:\/\/www.europesays.com\/es\/wp-json\/wp\/v2\/users\/2"}],"replies":[{"embeddable":true,"href":"https:\/\/www.europesays.com\/es\/wp-json\/wp\/v2\/comments?post=150739"}],"version-history":[{"count":0,"href":"https:\/\/www.europesays.com\/es\/wp-json\/wp\/v2\/posts\/150739\/revisions"}],"wp:featuredmedia":[{"embeddable":true,"href":"https:\/\/www.europesays.com\/es\/wp-json\/wp\/v2\/media\/150740"}],"wp:attachment":[{"href":"https:\/\/www.europesays.com\/es\/wp-json\/wp\/v2\/media?parent=150739"}],"wp:term":[{"taxonomy":"category","embeddable":true,"href":"https:\/\/www.europesays.com\/es\/wp-json\/wp\/v2\/categories?post=150739"},{"taxonomy":"post_tag","embeddable":true,"href":"https:\/\/www.europesays.com\/es\/wp-json\/wp\/v2\/tags?post=150739"}],"curies":[{"name":"wp","href":"https:\/\/api.w.org\/{rel}","templated":true}]}}