{"id":150753,"date":"2025-10-01T14:08:11","date_gmt":"2025-10-01T14:08:11","guid":{"rendered":"https:\/\/www.europesays.com\/es\/150753\/"},"modified":"2025-10-01T14:08:11","modified_gmt":"2025-10-01T14:08:11","slug":"afectaciones-de-la-movilidad-por-la-bicicletada-y-la-fiesta-de-la-bicicleta-eixample","status":"publish","type":"post","link":"https:\/\/www.europesays.com\/es\/150753\/","title":{"rendered":"Afectaciones de la movilidad por la Bicicletada y la Fiesta de la Bicicleta | Eixample"},"content":{"rendered":"<p>              Afectaciones de la movilidad por la Bicicletada y la Fiesta de la Bicicleta<\/p>\n<p class=\"ajuntament-actualitat-detall-entradeta\">Este domingo, 5 de octubre, con motivo de la Bicicletada y la Fiesta de la Bicicleta, se prohibir\u00e1 la circulaci\u00f3n de 8.45 a 11.30 h, en la calle de Arag\u00f3, entre el paseo de Sant Joan y la calle de Sic\u00edlia.<\/p>\n<p>                      01\/10\/2025 &#8211; 12:56 h<br \/>\n                                 &#8211; Movilidad y transportes <\/p>\n<p>Las restricciones de tr\u00e1fico y de los accesos a los aparcamientos se restablecer\u00e1n a partir del paso de la Bicicletada.<br \/><strong>La circulaci\u00f3n quedar\u00e1 prohibida desde las 8.45 hasta las 11.30 horas<\/strong> de este domingo, 5 de octubre, en:<\/p>\n<ul>\n<li>\u00ad Sic\u00edlia, desde Consell de Cent hasta Arag\u00f3.<\/li>\n<li>\u00ad Arag\u00f3, desde N\u00e0pols hasta Roger de Flor.<\/li>\n<li>\u00adArag\u00f3, desde p.\u00ba Sant Joan hasta Vilamar\u00ed.<\/li>\n<li>\u00ad Vilamar\u00ed, desde Arag\u00f3 hasta Floridablanca.<\/li>\n<li>\u00ad Floridablanca, desde Vilamar\u00ed hasta rda. Sant Antoni.<\/li>\n<li>\u00adCasanova, desde rda. Sant Antoni hasta Tallers (reserva de motos delante del n.\u00ba 104).<\/li>\n<li>\u00ad Pelai, desde pl. Universitat hasta pl. Catalunya.<\/li>\n<li>\u00ad Pl. Catalunya (calzada mar, lado monta\u00f1a, mar y parada Bus Tur\u00edstic).<\/li>\n<li>\u00ad Fontanella, desde pl. Catalunya hasta pl. Urquinaona.<\/li>\n<li>\u00ad Trafalgar, desde pl. Urquinaona hasta p.\u00ba Llu\u00eds Companys.<\/li>\n<li>\u00ad Comer\u00e7, desde p.\u00ba Llu\u00eds Companys hasta p.\u00ba Picasso.<\/li>\n<li>\u00ad P.\u00ba Picasso, desde Comer\u00e7 hasta p.\u00ba Pujades.<\/li>\n<li>\u00ad Pujades, desde Wellington hasta Marina.<\/li>\n<li>\u00ad Marina, desde Pujades hasta Ic\u00e0ria.<\/li>\n<li>\u00ad Marina, desde Ic\u00e0ria hasta Llull.<\/li>\n<li>\u00ad Llull, desde Marina hasta Badajoz.<\/li>\n<li>Badajoz, desde Llull hasta Pujades.<\/li>\n<li>Pujades, desde Badajoz hasta Zamora.<\/li>\n<li>Pujades, desde Joan d\u2019\u00c0ustria hasta Marina.<\/li>\n<li>Marina, desde Pujades hasta Pallars.<\/li>\n<li>Almog\u00e0vers, desde Marina hasta Roger de Flor.<\/li>\n<li>Almog\u00e0vers, desde Roger de Flor hasta p.\u00ba Llu\u00eds Companys.<\/li>\n<li>Roger de Flor, desde Almog\u00e0vers hasta la av. Vilanova.<\/li>\n<\/ul>\n<p><strong>Cortes y desv\u00edos<\/strong><\/p>\n<p>Se cortar\u00e1:<\/p>\n<ul>\n<li>La Rambla, el sentido ascendente a la altura del p.\u00ba Colom.<\/li>\n<li>Picasso, el sentido ascendente, y se permitir\u00e1 \u00fanicamente la circulaci\u00f3n descendente.<\/li>\n<li>Arag\u00f3, la circulaci\u00f3n de Arag\u00f3n, desde av. Diagonal hasta Vilamar\u00ed.<\/li>\n<li>Diagonal, la circulaci\u00f3n de Arag\u00f3 a la altura de la av. Diagonal, y se impedir\u00e1 la incorporaci\u00f3n desde la av. Diagonal hacia Arag\u00f3.<\/li>\n<li>Marina, la circulaci\u00f3n en ambos sentidos desde la av. Ic\u00e0ria hasta Almog\u00e0vers.<\/li>\n<li>Almog\u00e0vers, la circulaci\u00f3n desde Marina hasta p.\u00ba Llu\u00eds Companys.<\/li>\n<\/ul>\n<p>Se desviar\u00e1:<\/p>\n<ul>\n<li>Sant Joan, el tr\u00e1fico de p.\u00ba Sant Joan por Val\u00e8ncia y por Diputaci\u00f3, respectivamente, hasta que acaben las tareas de desmontaje del arco de salida.<\/li>\n<li>Balmes, la circulaci\u00f3n hacia la calle de Val\u00e8ncia.<\/li>\n<li>Gran Via de les Corts Catalanes, la circulaci\u00f3n de la Gran Via de les Corts Catalanes, tramo central de entrada a la ciudad, hacia el lateral, y se impedir\u00e1 la entrada al t\u00fanel de pl. Espanya.<\/li>\n<\/ul>\n","protected":false},"excerpt":{"rendered":"Afectaciones de la movilidad por la Bicicletada y la Fiesta de la Bicicleta Este domingo, 5 de octubre,&hellip;\n","protected":false},"author":2,"featured_media":150754,"comment_status":"","ping_status":"","sticky":false,"template":"","format":"standard","meta":{"footnotes":""},"categories":[5],"tags":[17,18,25,24,13,14,11,19,20,9,10,15,16,23,12,21,22],"class_list":{"0":"post-150753","1":"post","2":"type-post","3":"status-publish","4":"format-standard","5":"has-post-thumbnail","7":"category-titulares","8":"tag-breaking-news","9":"tag-breakingnews","10":"tag-es","11":"tag-espana","12":"tag-featured-news","13":"tag-featurednews","14":"tag-headlines","15":"tag-latest-news","16":"tag-latestnews","17":"tag-news","18":"tag-noticias","19":"tag-noticias-destacadas","20":"tag-noticiasdestacadas","21":"tag-spain","22":"tag-titulares","23":"tag-ultimas-noticias","24":"tag-ultimasnoticias"},"share_on_mastodon":{"url":"","error":""},"_links":{"self":[{"href":"https:\/\/www.europesays.com\/es\/wp-json\/wp\/v2\/posts\/150753","targetHints":{"allow":["GET"]}}],"collection":[{"href":"https:\/\/www.europesays.com\/es\/wp-json\/wp\/v2\/posts"}],"about":[{"href":"https:\/\/www.europesays.com\/es\/wp-json\/wp\/v2\/types\/post"}],"author":[{"embeddable":true,"href":"https:\/\/www.europesays.com\/es\/wp-json\/wp\/v2\/users\/2"}],"replies":[{"embeddable":true,"href":"https:\/\/www.europesays.com\/es\/wp-json\/wp\/v2\/comments?post=150753"}],"version-history":[{"count":0,"href":"https:\/\/www.europesays.com\/es\/wp-json\/wp\/v2\/posts\/150753\/revisions"}],"wp:featuredmedia":[{"embeddable":true,"href":"https:\/\/www.europesays.com\/es\/wp-json\/wp\/v2\/media\/150754"}],"wp:attachment":[{"href":"https:\/\/www.europesays.com\/es\/wp-json\/wp\/v2\/media?parent=150753"}],"wp:term":[{"taxonomy":"category","embeddable":true,"href":"https:\/\/www.europesays.com\/es\/wp-json\/wp\/v2\/categories?post=150753"},{"taxonomy":"post_tag","embeddable":true,"href":"https:\/\/www.europesays.com\/es\/wp-json\/wp\/v2\/tags?post=150753"}],"curies":[{"name":"wp","href":"https:\/\/api.w.org\/{rel}","templated":true}]}}