{"id":150761,"date":"2025-10-01T14:12:08","date_gmt":"2025-10-01T14:12:08","guid":{"rendered":"https:\/\/www.europesays.com\/es\/150761\/"},"modified":"2025-10-01T14:12:08","modified_gmt":"2025-10-01T14:12:08","slug":"el-circuito-que-une-a-todas-las-generaciones","status":"publish","type":"post","link":"https:\/\/www.europesays.com\/es\/150761\/","title":{"rendered":"El circuito que une a todas las generaciones"},"content":{"rendered":"<p>            <a href=\"https:\/\/ten-golf.com\/wp-content\/uploads\/2025\/09\/Santi-y-Alvaro-Vega-de-Seoane.webp\" data-caption=\"Santi y A\u0301lvaro Vega de Seoane\" rel=\"nofollow noopener\" target=\"_blank\"><img decoding=\"async\" loading=\"lazy\" width=\"333\" height=\"444\" class=\"entry-thumb td-modal-image\" src=\"https:\/\/www.europesays.com\/es\/wp-content\/uploads\/2025\/10\/Santi-y-Alvaro-Vega-de-Seoane-333x444.webp.webp\"   alt=\"Santi y A\u0301lvaro Vega de Seoane\" title=\"Santi y A\u0301lvaro Vega de Seoane\"\/><\/a>Santi y A\u0301lvaro Vega de Seoane<\/p>\n<p data-start=\"261\" data-end=\"683\">Hay competiciones que son mucho m\u00e1s que una sucesi\u00f3n de torneos. El <strong>Audi quattro Cup<\/strong>, el circuito amateur por parejas m\u00e1s importante del mundo, que lleva m\u00e1s de tres d\u00e9cadas siendo un catalizador de pasiones, amistades y experiencias \u00fanicas que trascienden lo puramente deportivo. En Espa\u00f1a, pocas familias simbolizan mejor ese esp\u00edritu que los <strong>Vega de Seoane.<\/strong> Han hecho del circuito una aut\u00e9ntica tradici\u00f3n familiar.<\/p>\n<p data-start=\"685\" data-end=\"1204\">En la casa de los Vega de Seoane, el Audi quattro Cup ha sido el centro de cientos de conversaciones y planes de fin de semana. Lo cuenta <strong>\u00c1lvaro<\/strong>, hijo, con la perspectiva de quien ha crecido viendo a su padre y a sus hermanos involucrados en la competici\u00f3n. \u201cPara nosotros nunca fue solo golf. El circuito se convirti\u00f3 en un espacio donde compartir tiempo, ilusiones y viajes. Nos ha dado la oportunidad de conocer rincones incre\u00edbles del mundo y vivir experiencias que de otra manera hubieran sido imposibles\u201d, recuerda. De hecho, todav\u00eda se recuerda en casa con humor el doble bogey de \u00c1lvaro en el hoyo 18 de la final que se celebraba en Australia y que les impidi\u00f3 hacerse con el t\u00edtulo por un s\u00f3lo golpe.<\/p>\n<p data-start=\"1206\" data-end=\"1649\">Porque lo cierto es que el Audi quattro Cup no se limita a ser un calendario de pruebas locales, territoriales, nacionales e internacionales. Lo que lo convierte en especial es la forma en la que consigue que los jugadores se sientan parte de algo m\u00e1s grande, que saboreen el juego en un entorno cuidado al detalle y que, al mismo tiempo, lo compartan con las personas m\u00e1s cercanas. En el caso de los Vega de Seoane, eso significa familia.<\/p>\n<p data-start=\"1651\" data-end=\"2062\">El patriarca, \u00c1lvaro padre, jug\u00f3 durante m\u00e1s de dos d\u00e9cadas en el circuito, inculcando a sus hijos esa mezcla de competitividad y compa\u00f1erismo que caracteriza al torneo. Los tres hermanos \u2014<strong>\u00c1lvaro, Santi y Javi<\/strong>\u2014 crecieron en ese ambiente, empap\u00e1ndose de la pasi\u00f3n de su padre. Con el tiempo, pasaron de acompa\u00f1arle a ser protagonistas en los torneos, y juntos fueron tejiendo una historia marcada por el Audi quattro Cup. Eso s\u00ed los \u00c1lvaros\u00a0reconocen que no pueden jugar juntos porque se ponen muy nerviosos. No hay historia m\u00e1s familiar que esa.<\/p>\n<p data-start=\"1651\" data-end=\"2062\">Uno de los puntos \u00e1lgidos en las \u00faltimas dos d\u00e9cadas lleg\u00f3 con la victoria de Santi y Javi en la Final Nacional. Aquella gesta les abri\u00f3 las puertas de la Final Internacional en <strong>Mayakoba<\/strong>, M\u00e9xico. \u201cFue una experiencia inolvidable\u201d, coinciden en se\u00f1alar. \u201cNo se trataba solo de competir, sino de representar a tu pa\u00eds, de vivir una semana donde todo estaba pensado para que te sintieras especial. El circuito nos regal\u00f3 la posibilidad de viajar, conocer a jugadores de todo el mundo y compartirlo como hermanos. Es de esos recuerdos que quedan para siempre\u201d.<\/p>\n<p data-start=\"2587\" data-end=\"2969\">La lista de destinos recorridos gracias al circuito habla por s\u00ed sola: <strong>Rep\u00fablica Dominicana, M\u00e9xico, Las Vegas, Australia<\/strong>\u2026 Lugares que cualquier aficionado al golf sue\u00f1a con conocer y que, para esta familia, llegaron de la mano de la competici\u00f3n. Cada viaje fue un cap\u00edtulo de una historia com\u00fan que ha reforzado los lazos entre padres e hijos, entre hermanos, entre generaciones.<\/p>\n<p data-start=\"2971\" data-end=\"3316\">Ese es quiz\u00e1 uno de los mayores valores del Audi quattro Cup: su capacidad para unir a las personas en torno a una pasi\u00f3n compartida. Lo demuestra la historia de los Vega de Seoane, donde el golf se convirti\u00f3 en un lenguaje com\u00fan con el que transmitir valores, compartir experiencias y acumular recuerdos que traspasan la frontera del deporte.<\/p>\n<p data-start=\"3318\" data-end=\"3759\">Hoy, con el paso de los a\u00f1os, la tradici\u00f3n contin\u00faa. Los nietos ya miran al circuito con la misma ilusi\u00f3n con la que lo hicieron sus padres y sus t\u00edos. La tercera generaci\u00f3n de Vega de Seoane se est\u00e1 preparando para recoger el testigo y mantener vivo ese legado.<\/p>\n<p data-start=\"3318\" data-end=\"3759\">M\u00e1s all\u00e1 de tarjetas, festejos o trofeos, lo que queda es el esp\u00edritu de un circuito que ha sabido convertirse en un punto de encuentro para familias enteras. De hecho, en la Final Territorial Oeste de la presente edici\u00f3n <strong>Ignacio y Antonio Morillo-Velarde Fuentes<\/strong>, los hermanos\u00a0<strong>Manuel y Vital Hevia Palacios <\/strong>y\u00a0<strong>Juan Alc\u00e1ntara<\/strong>\u00a0jugando con su madre<strong>\u00a0Carmen Dom\u00ednguez\u00a0<\/strong>se ganaron el pase a la Final Nacional y en la Territorial Este tambi\u00e9n fueron otras tres parejas de padre e hijo los que consiguieron el pase, <strong data-start=\"573\" data-end=\"622\">Luis Garc\u00eda del Campo, Luis Garc\u00eda Guti\u00e9rrez,<\/strong>\u00a0<strong data-start=\"1524\" data-end=\"1572\">Jordi Serrano Santaf\u00e9 y Josep Serrano Alsina<\/strong> y, otros hist\u00f3ricos del circuito, <strong data-start=\"1680\" data-end=\"1730\">Juan Luis Gnecco Su\u00e1rez y Jes\u00fas Gnecco Lorente.<\/strong><\/p>\n<p data-start=\"3318\" data-end=\"3759\">Esa es la realidad. Audi quattro Cup no es solo la historia de un circuito amateur, es tambi\u00e9n la de tantas familias que, como los Vega de Seoane, han encontrado en \u00e9l una forma \u00fanica de compartir vida y deporte. Y esa es quiz\u00e1 la victoria m\u00e1s importante de todas.<\/p>\n","protected":false},"excerpt":{"rendered":"Santi y A\u0301lvaro Vega de Seoane Hay competiciones que son mucho m\u00e1s que una sucesi\u00f3n de torneos. El&hellip;\n","protected":false},"author":2,"featured_media":150762,"comment_status":"","ping_status":"","sticky":false,"template":"","format":"standard","meta":{"footnotes":""},"categories":[275],"tags":[24576,168,25,24,329,336,338,339,340,23,167],"class_list":{"0":"post-150761","1":"post","2":"type-post","3":"status-publish","4":"format-standard","5":"has-post-thumbnail","7":"category-golf","8":"tag-circuito-audi-quattro-cup","9":"tag-deportes","10":"tag-es","11":"tag-espana","12":"tag-golf","13":"tag-notificacion","14":"tag-portada","15":"tag-portada-america","16":"tag-portada-global","17":"tag-spain","18":"tag-sports"},"share_on_mastodon":{"url":"","error":""},"_links":{"self":[{"href":"https:\/\/www.europesays.com\/es\/wp-json\/wp\/v2\/posts\/150761","targetHints":{"allow":["GET"]}}],"collection":[{"href":"https:\/\/www.europesays.com\/es\/wp-json\/wp\/v2\/posts"}],"about":[{"href":"https:\/\/www.europesays.com\/es\/wp-json\/wp\/v2\/types\/post"}],"author":[{"embeddable":true,"href":"https:\/\/www.europesays.com\/es\/wp-json\/wp\/v2\/users\/2"}],"replies":[{"embeddable":true,"href":"https:\/\/www.europesays.com\/es\/wp-json\/wp\/v2\/comments?post=150761"}],"version-history":[{"count":0,"href":"https:\/\/www.europesays.com\/es\/wp-json\/wp\/v2\/posts\/150761\/revisions"}],"wp:featuredmedia":[{"embeddable":true,"href":"https:\/\/www.europesays.com\/es\/wp-json\/wp\/v2\/media\/150762"}],"wp:attachment":[{"href":"https:\/\/www.europesays.com\/es\/wp-json\/wp\/v2\/media?parent=150761"}],"wp:term":[{"taxonomy":"category","embeddable":true,"href":"https:\/\/www.europesays.com\/es\/wp-json\/wp\/v2\/categories?post=150761"},{"taxonomy":"post_tag","embeddable":true,"href":"https:\/\/www.europesays.com\/es\/wp-json\/wp\/v2\/tags?post=150761"}],"curies":[{"name":"wp","href":"https:\/\/api.w.org\/{rel}","templated":true}]}}