{"id":150771,"date":"2025-10-01T14:18:13","date_gmt":"2025-10-01T14:18:13","guid":{"rendered":"https:\/\/www.europesays.com\/es\/150771\/"},"modified":"2025-10-01T14:18:13","modified_gmt":"2025-10-01T14:18:13","slug":"me-alegro-que-parece-que-ha-estado-bastante-delicado","status":"publish","type":"post","link":"https:\/\/www.europesays.com\/es\/150771\/","title":{"rendered":"Me alegro&#8230; Que parece que ha estado bastante delicado"},"content":{"rendered":"<p>Cada vez que <strong>Jesul\u00edn de Ubrique est\u00e1 de actualidad<\/strong> por alguna cuesti\u00f3n, resulta inevitable <strong>pensar en Bel\u00e9n Esteban<\/strong>. Aunque hace 25 a\u00f1os que la relaci\u00f3n del torero y la colaboradora lleg\u00f3 a su fin, estar\u00e1n unidos para siempre por la hija que tienen en com\u00fan. Adem\u00e1s, su ruptura, con <strong>la abrupta salida de Bel\u00e9n de la finca Ambiciones<\/strong>, caus\u00f3 un revuelo medi\u00e1tico que hace que todav\u00eda hoy se recuerde. Estos dos aspectos sumados a que desde entonces ella trabaja en televisi\u00f3n y que aunque <strong>intenta morderse la lengua<\/strong> con respecto a Jes\u00fas no siempre lo consigue, hacen que Bel\u00e9n siempre est\u00e9 en el punto de mira cuando hay alguna noticia sobre su eterno ex <a href=\"https:\/\/www.lecturas.com\/actualidad\/belen-esteban-lanza-una-reveladora-afirmacion-sobre-su-excunada-carmen-janeiro_181508\" rel=\"nofollow noopener\" target=\"_blank\">o sobre alguien de la familia<\/a>.<\/p>\n<p>Esta vez, el nombre de<strong> Jesul\u00edn de Ubrique<\/strong> ha vuelto a sonar por cuestiones relacionadas <strong>con su salud<\/strong>. En el \u00faltimo a\u00f1o, el marido de Mar\u00eda Jos\u00e9 Campanario ha sufrido alg\u00fan que otro contratiempo. Un problema card\u00edaco y <a href=\"https:\/\/www.lecturas.com\/actualidad\/preocupacion-maria-jose-campanario-por-problema-salud-jesulin-ubrique-venia-mucho-dolor_179252\" rel=\"nofollow noopener\" target=\"_blank\">una intervenci\u00f3n de rodilla<\/a> han sido los dos m\u00e1s sonados. Jes\u00fas ha estado en el III Festival solidario de Guillena y all\u00ed ha hablado de c\u00f3mo se encuentra tras pasar por esos baches.<\/p>\n<p><img loading=\"lazy\" decoding=\"async\"   src=\"https:\/\/www.europesays.com\/es\/wp-content\/uploads\/2025\/10\/jesulin-de-ubrique_fbf54541_251001101428_1200x1824.webp.webp\" alt=\"Jesul\u00edn de Ubrique\" class=\"lazyload\" width=\"1200\" height=\"1824\" data-aspectratio=\"1200\/1824\"\/><\/p>\n<p>Un problema card\u00edaco y uno de rodilla han marcado la salud de Jesul\u00edn en el \u00faltimo a\u00f1o.<\/p>\n<p>&#13;Gtres<br \/>\nJesul\u00edn de Ubrique ha hablado de c\u00f3mo se encuentra<\/p>\n<p>En declaraciones a Europa Press, ha comentado sobre <strong>su rodilla<\/strong> que<strong> \u00abyo estoy muy bien,<\/strong> estupendamente, fenomenal. Tengo una peque\u00f1a lesi\u00f3n ah\u00ed en la rodilla, pero bueno, me la est\u00e1n tratando y de momento pues voy un poco tirando con infiltraci\u00f3n, pero bueno, me est\u00e1 respondiendo bien de momento\u201d. En cuanto a su<strong> problema card\u00edaco<\/strong>, ha dicho que est\u00e1 bien y que <strong>\u201cno supe ni lo que pas\u00f3 todav\u00eda\u201d.<\/strong><\/p>\n<p><img loading=\"lazy\" decoding=\"async\"   src=\"https:\/\/www.europesays.com\/es\/wp-content\/uploads\/2025\/10\/jesulin-de-ubrique_2e4ba7da_251001101523_1200x1797.webp.webp\" alt=\"Jesul\u00edn de Ubrique\" class=\"lazyload\" width=\"1200\" height=\"1797\" data-aspectratio=\"1200\/1797\"\/><\/p>\n<p>El torero ha asegurado que, afortunadamente, en la actualidad se encuentra muy bien.<\/p>\n<p>&#13;Gtres<\/p>\n<p>Despu\u00e9s de estas declaraciones del torero sobre su estado de salud, <strong>Bel\u00e9n Esteban ha hablado<\/strong> al respecto. La colaboradora ha ocupado su puesto de trabajo en el programa \u2018No somos nadie\u2019 y sus compa\u00f1eros le han preguntado por el tema.<\/p>\n<p>La reacci\u00f3n de Bel\u00e9n Esteban a las \u00faltimas declaraciones del torero<\/p>\n<p>Bel\u00e9n Esteban, que ha vuelto a mostrar<strong> sus pocas ganas de hablar <\/strong>del padre de su hija, ha terminado respondiendo. La tertuliana ha dicho al respecto que \u201c<strong>me alegro mucho<\/strong>, me alegro much\u00edsimo. No tengo absolutamente nada que decir.\u00a0Todos est\u00e1n muy bien y me alegro de verdad\u00a0de que Mar\u00eda Jos\u00e9 Campanario est\u00e9 bien y que \u00e9l est\u00e9 bien, que parece que ha estado bastante delicado. Y de lo que m\u00e1s me alegro es de que los ni\u00f1os est\u00e9n bien, me alegro much\u00edsimo\u201d.<\/p>\n<p><img loading=\"lazy\" decoding=\"async\"   src=\"https:\/\/www.europesays.com\/es\/wp-content\/uploads\/2025\/10\/belen-esteban_e85c2e1a_251001101827_1200x672.webp.webp\" alt=\"Bel\u00e9n Esteban\" class=\"lazyload\" width=\"1200\" height=\"672\" data-aspectratio=\"1200\/672\"\/><\/p>\n<p>Bel\u00e9n Esteban ha respondido que se alegra de que Jes\u00fas est\u00e9 bien, pero sus compa\u00f1eros no se han quedado convencidos.<\/p>\n<p>&#13;Canal Quickie<\/p>\n<p>Estas palabras de Bel\u00e9n Esteban <strong>no han terminado de convencer<\/strong> a sus compa\u00f1eros. Al elenco de \u2018No somos nadie\u2019 le ha surgido la duda de si la colaboradora ha dicho esto con sinceridad o si ha sido una forma de responder con iron\u00eda. Para salir de dudas, <strong>Kiko Matamoros ha dado el paso<\/strong> de preguntarle sus intenciones con su respuesta y si estaba diciendo todo lo que quer\u00eda decir o se estaba guardando algo para ella.<\/p>\n<p>La colaboradora ha respondido con un <strong>\u00abhay tantas cosas que quiero decir <\/strong>y no puedo\u201d. De este modo, ha vuelto a hacer alusi\u00f3n a c\u00f3mo ella contar\u00eda muchas m\u00e1s cosas de Jesul\u00edn de Ubrique de las que cuenta incluso cuando responde a las preguntas. Bel\u00e9n Esteban ya ha explicado muchas veces que hay cuestiones en las que no piensa entrar por petici\u00f3n de su hija. <strong>La joven no quiere ser famosa<\/strong> y de ah\u00ed que su madre no entre al trapo, o al menos eso intenta, para respetar as\u00ed esta decisi\u00f3n.<\/p>\n<p><img loading=\"lazy\" decoding=\"async\"   src=\"https:\/\/www.europesays.com\/es\/wp-content\/uploads\/2025\/10\/belen-esteban_a9ab763a_251001103918_1200x804.webp.webp\" alt=\"Bel\u00e9n Esteban\" class=\"lazyload\" width=\"1200\" height=\"804\" data-aspectratio=\"1200\/804\"\/><\/p>\n<p>La tertuliana ha vuelto a decir que le gustar\u00eda hablar m\u00e1s de lo que habla, pero no lo hace por petici\u00f3n de su hija.<\/p>\n<p>&#13;No somos nadie<br \/>\nLas dos dolencias que Jesul\u00edn ha sufrido en el \u00faltimo a\u00f1o<\/p>\n<p>Sobre <strong>los problemas de salud de Jesul\u00edn de Ubrique<\/strong>, cabe recordar que fue hace justo un a\u00f1o cuando se llev\u00f3 un buen susto por <strong>un problema de coraz\u00f3n<\/strong>. En septiembre del a\u00f1o 2024, mientras disfrutaba de unas vacaciones con su mujer Mar\u00eda Jos\u00e9 Campanario en M\u00e1laga, sufri\u00f3 lo que parec\u00eda un microinfarto.<\/p>\n<p><img loading=\"lazy\" decoding=\"async\"   src=\"https:\/\/www.europesays.com\/es\/wp-content\/uploads\/2025\/10\/jesulin-de-ubrique_695944f3_038_251001102131_1200x1800.webp.webp\" alt=\"Jesul\u00edn de Ubrique\" class=\"lazyload\" width=\"1200\" height=\"1800\" data-aspectratio=\"1200\/1800\"\/><\/p>\n<p>Fue en septiembre de 2024 cuando sufri\u00f3 un problema de coraz\u00f3n del que ahora ha dicho que se encuentra bien.<\/p>\n<p>&#13;GTRES<\/p>\n<p>Tras su ingreso en el hospital, fue el propio torero el que explic\u00f3 que <strong>\u00abnot\u00e9 una presi\u00f3n muy grande en el pecho<\/strong>\u00a0que me empez\u00f3 a las 22 y a las 3 ya no pod\u00eda m\u00e1s\u201d. Sin embargo, ni \u00e9l mismo tiene totalmente claro qu\u00e9 sucedi\u00f3 realmente.<\/p>\n<p><strong>En cuanto a la rodilla, <\/strong>fue el pasado verano cuando habl\u00f3 del dolor que padec\u00eda y que cada vez iba a m\u00e1s. A trav\u00e9s de un v\u00eddeo compartido en el perfil de Instagram de la cl\u00ednica en la que trat\u00f3 su dolencia, Jesul\u00edn relat\u00f3 que \u201cestoy muy contento porque he venido con dolor, mucho dolor, ven\u00eda tambi\u00e9n un poco preocupado por ver un poco c\u00f3mo iba a ser todo este tema y el proceso de intervenci\u00f3n\u201d.<\/p>\n<p><img loading=\"lazy\" decoding=\"async\"   src=\"https:\/\/www.europesays.com\/es\/wp-content\/uploads\/2025\/10\/jesulin_ebf3b10a_251001102403_1200x801.webp.webp\" alt=\"Jesul\u00edn\" class=\"lazyload\" width=\"1200\" height=\"801\" data-aspectratio=\"1200\/801\"\/><\/p>\n<p>Jesul\u00edn se someti\u00f3 a una intervenci\u00f3n de rodilla en verano gracias a la que el dolor desapareci\u00f3.<\/p>\n<p>&#13;Gtres<br \/>\n<img decoding=\"async\" src=\"https:\/\/www.europesays.com\/es\/wp-content\/uploads\/2025\/10\/rodri-fuertes-y-marta-castro_9a6bd569_251001143649_800x800.webp.webp\" alt=\"Rodri Fuertes y Marta Castro\" class=\"image lazyload\"\/><img loading=\"lazy\" decoding=\"async\" src=\"https:\/\/www.europesays.com\/es\/wp-content\/uploads\/2025\/10\/rodri-fuertes-y-marta-castro_9a6bd569_251001143654_1280x720.webp.webp\" alt=\"Rodri Fuertes y Marta Castro: una bonita historia de amor marcada por sus conocidas exparejas, una separaci\u00f3n y un embarazo\" class=\"image lazyload\" width=\"1280\" height=\"720\" data-aspectratio=\"1280\/720\"\/><\/p>\n<p>Despu\u00e9s, Jesul\u00edn cont\u00f3 que <strong>gracias a la intervenci\u00f3n que se realiz\u00f3,<\/strong> las molestias y los dolores desaparecieron. Un relato al que a\u00f1adi\u00f3 que \u201cera un dolor radiante que me fastidiaba lo m\u00e1s grande y, de momento gracias a Dios puedo salir vivito y coleando. Y, bueno, lo que tocar\u00e1 ser\u00e1 la pr\u00f3xima revisi\u00f3n\u201d. De este modo, se mostr\u00f3 feliz por haber solucionado un problema que le estaba trayendo de cabeza por los fuertes dolores.<\/p>\n","protected":false},"excerpt":{"rendered":"Cada vez que Jesul\u00edn de Ubrique est\u00e1 de actualidad por alguna cuesti\u00f3n, resulta inevitable pensar en Bel\u00e9n Esteban.&hellip;\n","protected":false},"author":2,"featured_media":150772,"comment_status":"","ping_status":"","sticky":false,"template":"","format":"standard","meta":{"footnotes":""},"categories":[174],"tags":[255,146,147,25,24,256,23],"class_list":{"0":"post-150771","1":"post","2":"type-post","3":"status-publish","4":"format-standard","5":"has-post-thumbnail","7":"category-famosos","8":"tag-celebrities","9":"tag-entertainment","10":"tag-entretenimiento","11":"tag-es","12":"tag-espana","13":"tag-famosos","14":"tag-spain"},"share_on_mastodon":{"url":"","error":""},"_links":{"self":[{"href":"https:\/\/www.europesays.com\/es\/wp-json\/wp\/v2\/posts\/150771","targetHints":{"allow":["GET"]}}],"collection":[{"href":"https:\/\/www.europesays.com\/es\/wp-json\/wp\/v2\/posts"}],"about":[{"href":"https:\/\/www.europesays.com\/es\/wp-json\/wp\/v2\/types\/post"}],"author":[{"embeddable":true,"href":"https:\/\/www.europesays.com\/es\/wp-json\/wp\/v2\/users\/2"}],"replies":[{"embeddable":true,"href":"https:\/\/www.europesays.com\/es\/wp-json\/wp\/v2\/comments?post=150771"}],"version-history":[{"count":0,"href":"https:\/\/www.europesays.com\/es\/wp-json\/wp\/v2\/posts\/150771\/revisions"}],"wp:featuredmedia":[{"embeddable":true,"href":"https:\/\/www.europesays.com\/es\/wp-json\/wp\/v2\/media\/150772"}],"wp:attachment":[{"href":"https:\/\/www.europesays.com\/es\/wp-json\/wp\/v2\/media?parent=150771"}],"wp:term":[{"taxonomy":"category","embeddable":true,"href":"https:\/\/www.europesays.com\/es\/wp-json\/wp\/v2\/categories?post=150771"},{"taxonomy":"post_tag","embeddable":true,"href":"https:\/\/www.europesays.com\/es\/wp-json\/wp\/v2\/tags?post=150771"}],"curies":[{"name":"wp","href":"https:\/\/api.w.org\/{rel}","templated":true}]}}