{"id":150773,"date":"2025-10-01T14:19:18","date_gmt":"2025-10-01T14:19:18","guid":{"rendered":"https:\/\/www.europesays.com\/es\/150773\/"},"modified":"2025-10-01T14:19:18","modified_gmt":"2025-10-01T14:19:18","slug":"el-arte-de-la-silueta-contemplativa-en-cuenca","status":"publish","type":"post","link":"https:\/\/www.europesays.com\/es\/150773\/","title":{"rendered":"El arte de la silueta contemplativa en Cuenca"},"content":{"rendered":"<p data-gtm-element-container=\"modulo-texto-link\" class=\"paragraph\"><a href=\"https:\/\/www.lavanguardia.com\/participacion\/20210124\/6185893\/guia-normas-participacion-comunidad-lectores-vanguardia.html\" target=\"_blank\" rel=\"nofollow noopener\">* El autor forma parte de la comunidad de lectores de La Vanguardia<\/a><\/p>\n<p data-gtm-element-container=\"modulo-texto-link\" class=\"paragraph\">El instante en que el sol se sumerge bajo el horizonte en Arguisuelas, Cuenca, es m\u00e1s que un evento astron\u00f3mico; es un punto de inflexi\u00f3n, un portal ef\u00edmero entre el fragor del d\u00eda y la quietud de la noche.\u00a0<\/p>\n<p data-gtm-element-container=\"modulo-texto-link\" class=\"paragraph\">Es el dominio de la Hora Azul y Naranja, ese lapso m\u00e1gico donde la luz intensa del sol se retira y el azul profundo se mezcla con los \u00faltimos destellos cobrizos, creando un tel\u00f3n de fondo dram\u00e1tico para las historias silenciadas de la serran\u00eda.<\/p>\n<p data-gtm-element-container=\"modulo-texto-link\" class=\"paragraph\">Estas fotograf\u00edas en <a href=\"https:\/\/www.lavanguardia.com\/participacion\/las-fotos-de-los-lectores\" target=\"_blank\" rel=\"nofollow noopener\">Las Fotos de los Lectores de La Vanguardia<\/a> capturan esta transici\u00f3n en su estado m\u00e1s puro, elevando las figuras cotidianas a la categor\u00eda de siluetas contemplativas. Es el momento cumbre para la introspecci\u00f3n, cuando el individuo, casi reducido a su forma esencial, se enfrenta a la inmensidad crom\u00e1tica del cielo.<\/p>\n<p data-gtm-element-container=\"modulo-texto-link\" class=\"paragraph\">Vemos al caminante solitario, al borde de un paisaje vasto, enmarcado por un sol que rinde su dorado final. La imagen, como un grabado en oro sobre negro, detiene el tiempo y nos recuerda la peque\u00f1ez de la existencia frente al cosmos. La \u00faltima luz del d\u00eda envuelve una figura solitaria en un halo dorado, marcando el fin de la jornada.<\/p>\n<p>                         Ampliar<\/p>\n<p>                <img loading=\"lazy\" decoding=\"async\" data-full-src=\"https:\/\/www.lavanguardia.com\/uploads\/2025\/09\/29\/68da7ad03a1b9.png\" alt=\"La \u00faltima luz del d\u00eda envuelve una figura solitaria en un halo dorado, marcando el fin de la jornada.\" width=\"449\" height=\"299\" src=\"https:\/\/www.europesays.com\/es\/wp-content\/uploads\/2025\/10\/68da7ad03a1b9.png\" class=\"lazy\"\/><\/p>\n<p class=\"caption-title \">La \u00faltima luz del d\u00eda envuelve una figura solitaria en un halo dorado, marcando el fin de la jornada.<\/p>\n<p>                    Jos\u00e9 Antonio L\u00f3pez<\/p>\n<p data-gtm-element-container=\"modulo-texto-link\" class=\"paragraph\">Luego, la escena se enfoca en el reposo. Una figura de espaldas, fundida con el banco de hierro, observa el cielo. Es un di\u00e1logo mudo con el horizonte. El drama no est\u00e1 en el gesto, sino en el contraste: una tensi\u00f3n visual entre la oscuridad terrenal y la luz celestial.<\/p>\n<p data-gtm-element-container=\"modulo-texto-link\" class=\"paragraph\">Incluso cuando la figura se ausenta, solo queda el banco vac\u00edo y el \u00e1rbol, como mudos testigos del espect\u00e1culo diario. La melancol\u00eda, si la hay, es serena y profunda, invitando a la pausa.<\/p>\n<p>                         Ampliar<\/p>\n<p>                <img loading=\"lazy\" decoding=\"async\" data-full-src=\"https:\/\/www.lavanguardia.com\/uploads\/2025\/09\/29\/68da7c1c18521.png\" alt=\"El banco vac\u00edo espera bajo el cielo dram\u00e1tico, donde el naranja se rinde ante la inmensidad del azul nocturno.\" width=\"449\" height=\"299\" src=\"https:\/\/www.europesays.com\/es\/wp-content\/uploads\/2025\/10\/68da7c1c18521.png\" class=\"lazy\"\/><\/p>\n<p class=\"caption-title \">El banco vac\u00edo espera bajo el cielo dram\u00e1tico, donde el naranja se rinde ante la inmensidad del azul nocturno.<\/p>\n<p>                    Jos\u00e9 Antonio L\u00f3pez<\/p>\n<p>El camino de vuelta a la calma del pueblo<\/p>\n<p data-gtm-element-container=\"modulo-texto-link\" class=\"paragraph\">El foco se desplaza, entonces, a la vida que late bajo este cielo que muta. La luz crepuscular ba\u00f1a los caminos de tierra que conducen a los peque\u00f1os n\u00facleos rurales, ti\u00f1endo el aire de rosados y malvas. La dureza del paisaje ocre se suaviza por la atm\u00f3sfera, y la presencia de animales que gu\u00edan el paso nos revela el ritmo inmutable del campo. Es el instante del retorno.<\/p>\n<p>                         Ampliar<\/p>\n<p>                <img loading=\"lazy\" decoding=\"async\" data-full-src=\"https:\/\/www.lavanguardia.com\/uploads\/2025\/09\/29\/68da7c6587bac.png\" alt=\"En el camino de vuelta, el cielo se ti\u00f1e de rosa sobre las modestas siluetas del pueblo. Una escena de calma rural.\" width=\"449\" height=\"299\" src=\"https:\/\/www.europesays.com\/es\/wp-content\/uploads\/2025\/10\/68da7c6587bac.png\" class=\"lazy\"\/><\/p>\n<p class=\"caption-title \">En el camino de vuelta, el cielo se ti\u00f1e de rosa sobre las modestas siluetas del pueblo. Una escena de calma rural.<\/p>\n<p>                    Jos\u00e9 Antonio L\u00f3pez<\/p>\n<p data-gtm-element-container=\"modulo-texto-link\" class=\"paragraph\">Cuando la naturaleza retira su luz, la humanidad enciende la suya. La visi\u00f3n de una calle del pueblo, marcada por el brillo incipiente de una farola, simboliza la transici\u00f3n de lo salvaje a lo dom\u00e9stico.\u00a0<\/p>\n<p data-gtm-element-container=\"modulo-texto-link\" class=\"paragraph\">Las luces artificiales toman el relevo de la b\u00f3veda celeste, record\u00e1ndonos que la vida cotidiana se prepara para la noche. Hay en estas im\u00e1genes una paz profunda, la certeza de un ciclo que se cumple a diario en la modestia del pueblo conquense.<\/p>\n<p>                         Ampliar<\/p>\n<p>                <img loading=\"lazy\" decoding=\"async\" data-full-src=\"https:\/\/www.lavanguardia.com\/uploads\/2025\/09\/29\/68da7c9f644be.png\" alt=\"Las farolas se encienden, tomando el relevo de la luz natural. La vida cotidiana se prepara para la noche en Arguisuelas.\" width=\"449\" height=\"299\" src=\"https:\/\/www.europesays.com\/es\/wp-content\/uploads\/2025\/10\/68da7c9f644be.png\" class=\"lazy\"\/><\/p>\n<p class=\"caption-title \">Las farolas se encienden, tomando el relevo de la luz natural. La vida cotidiana se prepara para la noche en Arguisuelas.<\/p>\n<p>                    Jos\u00e9 Antonio L\u00f3pez<\/p>\n<p>La noche afirma su presencia<\/p>\n<p data-gtm-element-container=\"modulo-texto-link\" class=\"paragraph\">Finalmente, la noche se impone, y las sombras toman el control. El cielo ya es un azul tinta, casi negro, pero la presencia humana se afirma con una nueva intensidad.<\/p>\n<p data-gtm-element-container=\"modulo-texto-link\" class=\"paragraph\">Las tomas finales son un estudio del contraste y la permanencia. La figura se revela al fin, no como una silueta an\u00f3nima, sino con rasgos definidos por una luz artificial que la rescata de la penumbra circundante.<\/p>\n<p data-gtm-element-container=\"modulo-texto-link\" class=\"paragraph\">Es el retrato de la espera, la \u00faltima pausa junto al banco. El rostro se rescata de la oscuridad en un contraste poderoso que subraya la persistencia del individuo frente al ocaso.<\/p>\n<p>                         Ampliar<\/p>\n<p>                <img loading=\"lazy\" decoding=\"async\" data-full-src=\"https:\/\/www.lavanguardia.com\/uploads\/2025\/09\/29\/68da7cf18078c.png\" alt=\"El retrato de la espera: La \u00faltima pausa del d\u00eda, con la compa\u00f1\u00eda fiel, antes de que las sombras se hagan permanentes.\" width=\"449\" height=\"299\" src=\"https:\/\/www.europesays.com\/es\/wp-content\/uploads\/2025\/10\/68da7cf18078c.png\" class=\"lazy\"\/><\/p>\n<p class=\"caption-title \">El retrato de la espera: La \u00faltima pausa del d\u00eda, con la compa\u00f1\u00eda fiel, antes de que las sombras se hagan permanentes.<\/p>\n<p>                    Jos\u00e9 Antonio L\u00f3pez<\/p>\n<p data-gtm-element-container=\"modulo-texto-link\" class=\"paragraph\">Es cr\u00f3nica concluye con la imagen m\u00e1s oscura y a la vez m\u00e1s esperanzadora: el caminante solitario, de espaldas, mirando hacia un grupo de casas cuyas luces encendidas brillan intensamente. Es un faro de humanidad que aguarda.\u00a0<\/p>\n<p>                         Ampliar<\/p>\n<p>                <img loading=\"lazy\" decoding=\"async\" data-full-src=\"https:\/\/www.lavanguardia.com\/uploads\/2025\/09\/29\/68da7d381dd8a.png\" alt=\"Rostro iluminado contra el azul profundo del atardecer. Un contraste entre la luz artificial y el ocaso natural.\" width=\"449\" height=\"321\" src=\"https:\/\/www.europesays.com\/es\/wp-content\/uploads\/2025\/10\/68da7d381dd8a.png\" class=\"lazy\"\/><\/p>\n<p class=\"caption-title \">Rostro iluminado contra el azul profundo del atardecer. Un contraste entre la luz artificial y el ocaso natural.<\/p>\n<p>                    Jos\u00e9 Antonio L\u00f3pez<\/p>\n<p data-gtm-element-container=\"modulo-texto-link\" class=\"paragraph\">Estas fotograf\u00edas no son solo un registro del atardecer; son un ensayo sobre la solitud, el refugio y la promesa de la luz que siempre, inevitablemente, espera al final del camino en la serran\u00eda de Cuenca.<\/p>\n<p>                         Ampliar<\/p>\n<p>                <img loading=\"lazy\" decoding=\"async\" data-full-src=\"https:\/\/www.lavanguardia.com\/uploads\/2025\/09\/29\/68da7d63c2264.png\" alt=\"El caminante solitario ante la promesa de la luz y el refugio. La noche ha llegado, y el pueblo lo espera.\" width=\"449\" height=\"299\" src=\"https:\/\/www.europesays.com\/es\/wp-content\/uploads\/2025\/10\/68da7d63c2264.png\" class=\"lazy\"\/><\/p>\n<p class=\"caption-title \">El caminante solitario ante la promesa de la luz y el refugio. La noche ha llegado, y el pueblo lo espera.<\/p>\n<p>                    Jos\u00e9 Antonio L\u00f3pez<\/p>\n<p>    Lee tambi\u00e9n<\/p>\n<p><a href=\"https:\/\/www.lavanguardia.com\/participacion\/20210124\/6185893\/guia-normas-participacion-comunidad-lectores-vanguardia.html\" target=\"_blank\" rel=\"nofollow noopener\">\u25a0 \u00bfC\u00d3MO PUEDO PARTICIPAR EN LA COMUNIDAD DE LA VANGUARDIA?<\/a><\/p>\n<p>\u00a1Participa!<br \/>\n\u00bfQuieres mostrar tus fotograf\u00edas?<\/p>\n<p data-gtm-element-container=\"modulo-texto-link\" class=\"paragraph\">Los interesados en participar en Las Fotos de los Lectores tan solo deben escribir un email a la direcci\u00f3n de correo de nuestra secci\u00f3n de Participaci\u00f3n (participacion@lavanguardia.es) adjuntando la fotograf\u00eda, explicando detalles de c\u00f3mo y d\u00f3nde fue tomada y aportando los datos del autor para la firma de la imagen. Es importante indicar en el asunto del correo: \u00b4Fotos de los Lectores\u00b4.<\/p>\n","protected":false},"excerpt":{"rendered":"* El autor forma parte de la comunidad de lectores de La Vanguardia El instante en que el&hellip;\n","protected":false},"author":2,"featured_media":150774,"comment_status":"","ping_status":"","sticky":false,"template":"","format":"standard","meta":{"footnotes":""},"categories":[173],"tags":[229,233,231,230,232,234,146,147,25,24,23],"class_list":{"0":"post-150773","1":"post","2":"type-post","3":"status-publish","4":"format-standard","5":"has-post-thumbnail","7":"category-arte-y-diseno","8":"tag-arte","9":"tag-arte-y-diseno","10":"tag-arts","11":"tag-arts-and-design","12":"tag-design","13":"tag-diseno","14":"tag-entertainment","15":"tag-entretenimiento","16":"tag-es","17":"tag-espana","18":"tag-spain"},"share_on_mastodon":{"url":"","error":""},"_links":{"self":[{"href":"https:\/\/www.europesays.com\/es\/wp-json\/wp\/v2\/posts\/150773","targetHints":{"allow":["GET"]}}],"collection":[{"href":"https:\/\/www.europesays.com\/es\/wp-json\/wp\/v2\/posts"}],"about":[{"href":"https:\/\/www.europesays.com\/es\/wp-json\/wp\/v2\/types\/post"}],"author":[{"embeddable":true,"href":"https:\/\/www.europesays.com\/es\/wp-json\/wp\/v2\/users\/2"}],"replies":[{"embeddable":true,"href":"https:\/\/www.europesays.com\/es\/wp-json\/wp\/v2\/comments?post=150773"}],"version-history":[{"count":0,"href":"https:\/\/www.europesays.com\/es\/wp-json\/wp\/v2\/posts\/150773\/revisions"}],"wp:featuredmedia":[{"embeddable":true,"href":"https:\/\/www.europesays.com\/es\/wp-json\/wp\/v2\/media\/150774"}],"wp:attachment":[{"href":"https:\/\/www.europesays.com\/es\/wp-json\/wp\/v2\/media?parent=150773"}],"wp:term":[{"taxonomy":"category","embeddable":true,"href":"https:\/\/www.europesays.com\/es\/wp-json\/wp\/v2\/categories?post=150773"},{"taxonomy":"post_tag","embeddable":true,"href":"https:\/\/www.europesays.com\/es\/wp-json\/wp\/v2\/tags?post=150773"}],"curies":[{"name":"wp","href":"https:\/\/api.w.org\/{rel}","templated":true}]}}