{"id":150793,"date":"2025-10-01T14:29:07","date_gmt":"2025-10-01T14:29:07","guid":{"rendered":"https:\/\/www.europesays.com\/es\/150793\/"},"modified":"2025-10-01T14:29:07","modified_gmt":"2025-10-01T14:29:07","slug":"la-casa-blanca-difunde-fotografias-de-la-llamada-en-la-que-netanyahu-pidio-perdon-a-qatar-internacional","status":"publish","type":"post","link":"https:\/\/www.europesays.com\/es\/150793\/","title":{"rendered":"La Casa Blanca difunde fotograf\u00edas de la llamada en la que Netanyahu pidi\u00f3 perd\u00f3n a Qatar | Internacional"},"content":{"rendered":"<p class=\"\">La Casa Blanca ha ofrecido una mirada exclusiva de lo que sucedi\u00f3 el pasado lunes en el Despacho Oval, durante la reuni\u00f3n entre el presidente estadounidense, Donald Trump, y el primer ministro israel\u00ed, Benjam\u00edn Netanyahu. La Administraci\u00f3n norteamericana ha publicado una galer\u00eda de im\u00e1genes de la cita, de las que seis ilustran la llamada telef\u00f3nica en la que el jefe de Gobierno israel\u00ed pidi\u00f3 disculpas al primer ministro de Qatar, Mohamed bin Abdulrahman Al Thani, por <a href=\"https:\/\/elpais.com\/internacional\/2025-09-09\/israel-lanza-un-ataque-contra-los-lideres-de-hamas-en-qatar.html\" target=\"_self\" rel=\"nofollow noopener\" title=\"https:\/\/elpais.com\/internacional\/2025-09-09\/israel-lanza-un-ataque-contra-los-lideres-de-hamas-en-qatar.html\">el bombardeo el pasado 9 de septiembre contra representantes de la milicia palestina Ham\u00e1s durante una reuni\u00f3n en Doha, la capital catar\u00ed<\/a>.<\/p>\n<p class=\"\">Una de las fotograf\u00edas, en blanco y negro, captura el momento en el que Netanyahu conversa con el mandatario catar\u00ed, con el aud\u00edfono del tel\u00e9fono fijo en la oreja, mientras sujeta un papel apoyado sobre las piernas. A su lado, Trump sostiene la base del tel\u00e9fono, despu\u00e9s de haber marcado el n\u00famero para que se inicie la llamada y pas\u00e1rselo al primer ministro israel\u00ed. <\/p>\n<p><img decoding=\"auto\" class=\"_re lazyload a_m-h\" height=\"277\"  width=\"414\"  src=\"https:\/\/imagenes.elpais.com\/resizer\/v2\/VWBF6GS5JJHXTMTBYUMIMXRU6M.jpg?auth=bd64b62460c4adb528d2800f601d3fc6f2f1d39e5c2f14283212904c6ed082d8&amp;width=414\" loading=\"lazy\"\/>Trump sujeta el tel\u00e9fono a Netanyahu, mientras este llama a Qatar, en el Despacho Oval, el lunes.White House<\/p>\n<p class=\"\">Sentados a la izquierda del presidente estadounidense, observan y siguen la conversaci\u00f3n, seg\u00fan el contenido de <a href=\"https:\/\/www.whitehouse.gov\/gallery\/president-donald-trump-and-israeli-prime-minister-benjamin-netanyahu-hold-a-joint-press-conference-announcing-the-u-s-peace-plan-for-gaza\/\" target=\"_self\" rel=\"nofollow noopener\" title=\"https:\/\/www.whitehouse.gov\/gallery\/president-donald-trump-and-israeli-prime-minister-benjamin-netanyahu-hold-a-joint-press-conference-announcing-the-u-s-peace-plan-for-gaza\/\">otra de las m\u00e1s de 70 fotograf\u00edas de la serie<\/a>, varios miembros de la Administraci\u00f3n Trump. Entre ellos, el vicepresidente, J.D. Vance; el secretario de Estado, Marco Rubio; el secretario de Defensa, Pete Hegseth; y el enviado especial para Oriente Pr\u00f3ximo, Steve Witkoff. Otras im\u00e1genes de la serie difundida por la Casa Blanca inmortalizan algunos de los momentos vividos durante la reuni\u00f3n entre las delegaciones de los dos pa\u00edses en torno al plan de Washington para poner fin a la guerra en Gaza. Tras la cita, Netanyahu dio su visto bueno a <a href=\"\" rel=\"\" title=\"\">los 20 puntos de Trump para el cese de las hostilidades en la Franja<\/a>, solo para, al d\u00eda siguiente, matizar algunos de ellos.<\/p>\n<p class=\"\">La Casa Blanca tambi\u00e9n comparti\u00f3 una de las im\u00e1genes en su cuenta en la red X, as\u00ed como un montaje audiovisual del encuentro entre ambos mandatarios. En el pie del montaje, se lee: \u201cDonald Trump est\u00e1 trabajando para traer la PAZ a Oriente Pr\u00f3ximo\u201d. Con un \u00e9nfasis especial en uno de los objetivos inminentes del republicano: ganar el Premio Nobel de la Paz, que se anunciar\u00e1 el pr\u00f3ximo d\u00eda 10. <\/p>\n","protected":false},"excerpt":{"rendered":"La Casa Blanca ha ofrecido una mirada exclusiva de lo que sucedi\u00f3 el pasado lunes en el Despacho&hellip;\n","protected":false},"author":2,"featured_media":150794,"comment_status":"","ping_status":"","sticky":false,"template":"","format":"standard","meta":{"footnotes":""},"categories":[42],"tags":[17,18,68,70,71,72,13,14,73,69,75,11,61,62,63,64,74,19,20,9,10,15,16,77,76,20989,12,21,22,65,66,67],"class_list":{"0":"post-150793","1":"post","2":"type-post","3":"status-publish","4":"format-standard","5":"has-post-thumbnail","7":"category-internacional","8":"tag-breaking-news","9":"tag-breakingnews","10":"tag-conflicto-arabe-israeli","11":"tag-conflictos","12":"tag-conflictos-armados","13":"tag-conflictos-internacionales","14":"tag-featured-news","15":"tag-featurednews","16":"tag-franja-gaza","17":"tag-guerra","18":"tag-hamas","19":"tag-headlines","20":"tag-internacional","21":"tag-international","22":"tag-international-news","23":"tag-internationalnews","24":"tag-israel","25":"tag-latest-news","26":"tag-latestnews","27":"tag-news","28":"tag-noticias","29":"tag-noticias-destacadas","30":"tag-noticiasdestacadas","31":"tag-oriente-proximo","32":"tag-palestina","33":"tag-qatar","34":"tag-titulares","35":"tag-ultimas-noticias","36":"tag-ultimasnoticias","37":"tag-world","38":"tag-world-news","39":"tag-worldnews"},"share_on_mastodon":{"url":"","error":""},"_links":{"self":[{"href":"https:\/\/www.europesays.com\/es\/wp-json\/wp\/v2\/posts\/150793","targetHints":{"allow":["GET"]}}],"collection":[{"href":"https:\/\/www.europesays.com\/es\/wp-json\/wp\/v2\/posts"}],"about":[{"href":"https:\/\/www.europesays.com\/es\/wp-json\/wp\/v2\/types\/post"}],"author":[{"embeddable":true,"href":"https:\/\/www.europesays.com\/es\/wp-json\/wp\/v2\/users\/2"}],"replies":[{"embeddable":true,"href":"https:\/\/www.europesays.com\/es\/wp-json\/wp\/v2\/comments?post=150793"}],"version-history":[{"count":0,"href":"https:\/\/www.europesays.com\/es\/wp-json\/wp\/v2\/posts\/150793\/revisions"}],"wp:featuredmedia":[{"embeddable":true,"href":"https:\/\/www.europesays.com\/es\/wp-json\/wp\/v2\/media\/150794"}],"wp:attachment":[{"href":"https:\/\/www.europesays.com\/es\/wp-json\/wp\/v2\/media?parent=150793"}],"wp:term":[{"taxonomy":"category","embeddable":true,"href":"https:\/\/www.europesays.com\/es\/wp-json\/wp\/v2\/categories?post=150793"},{"taxonomy":"post_tag","embeddable":true,"href":"https:\/\/www.europesays.com\/es\/wp-json\/wp\/v2\/tags?post=150793"}],"curies":[{"name":"wp","href":"https:\/\/api.w.org\/{rel}","templated":true}]}}