{"id":150814,"date":"2025-10-01T14:41:09","date_gmt":"2025-10-01T14:41:09","guid":{"rendered":"https:\/\/www.europesays.com\/es\/150814\/"},"modified":"2025-10-01T14:41:09","modified_gmt":"2025-10-01T14:41:09","slug":"hay-noches-en-las-que-te-viene-a-ver-el-diablo","status":"publish","type":"post","link":"https:\/\/www.europesays.com\/es\/150814\/","title":{"rendered":"&#8216;Hay noches en las que te viene a ver el diablo&#8217;"},"content":{"rendered":"<p>Imanol Arias ha vuelto a TVE despu\u00e9s de decir en 2022 que no volver\u00eda a hacerlo. Marc Gir\u00f3 ha sido el encargado de romper la promesa que hizo el protagonista de Cu\u00e9ntame en una entrevista en Tele Bilbao.\u00a0<\/p>\n<p>All\u00ed, Arias <b>critic\u00f3 la labor de algunos trabajadores de la cadena<\/b> y se pregunt\u00f3 que por qu\u00e9 no publican los sueldos de \u00ablos de dentro que no hacen nada\u00bb y s\u00ed publicaban lo que cobraba \u00e9l por cap\u00edtulo.\u00a0<\/p>\n<p>En la misma entrevista actor asegur\u00f3 que un miembro del Consejo de Administraci\u00f3n de RTVE presion\u00f3 para cerrar la serie tras narrar la historia de Narc\u00eds Serra, en los inicios de la serie.\u00a0<\/p>\n<p>Ya en la charla con Gir\u00f3, donde tambi\u00e9n estaba tambi\u00e9n Mar\u00eda Barranco, ha dicho que <b>\u00abCu\u00e9ntame es uno de los mejores trabajos que he hecho en mi vida\u00bb.<\/b><\/p>\n<p>\u00abQue por cierto. Hay que decir una cosa, has vuelto a Televisi\u00f3n Espa\u00f1ola, es la primera vez que Imanol Arias vuelve a TVE despu\u00e9s de Cu\u00e9ntame, \u00a1Bienvenido!\u00bb, le ha dicho con alegr\u00eda Gir\u00f3.<\/p>\n<p>\u00abTengo que decir tambi\u00e9n, para los trabajadores de la casa, que romp\u00ed mi promesa y que <b>vuelvo a pedirles disculpas por el\u00a0exabrupto de aquella noche\u00bb<\/b>, ha dicho en referencia a las malas palabras que dedic\u00f3 a los empleados la casa en la que estuvo durante m\u00e1s de 20 a\u00f1os.\u00a0<\/p>\n<p><b>\u00abHay noches en las que te viene a ver el diablo y uno dice lo que quiere decir pero mal dicho<\/b>. Disculpas a todos a los que se sintieron mal\u00bb, ha dicho de nuevo, llev\u00e1ndose un aplauso de perd\u00f3n del p\u00fablico.\u00a0<\/p>\n<p>\u00abTe digo una cosa, te lo digo como espectador. El d\u00eda que se acab\u00f3 Cu\u00e9ntame yo me cagu\u00e9 en todo el Consejo de Redacci\u00f3n de la RTVE del primero al \u00faltimo porque eso fue una injusticia\u00bb, ha dicho Marc Gir\u00f3 para rematar la entrevista.\u00a0<\/p>\n","protected":false},"excerpt":{"rendered":"Imanol Arias ha vuelto a TVE despu\u00e9s de decir en 2022 que no volver\u00eda a hacerlo. Marc Gir\u00f3&hellip;\n","protected":false},"author":2,"featured_media":150815,"comment_status":"","ping_status":"","sticky":false,"template":"","format":"standard","meta":{"footnotes":""},"categories":[174],"tags":[255,146,147,25,24,256,45776,23,3156],"class_list":{"0":"post-150814","1":"post","2":"type-post","3":"status-publish","4":"format-standard","5":"has-post-thumbnail","7":"category-famosos","8":"tag-celebrities","9":"tag-entertainment","10":"tag-entretenimiento","11":"tag-es","12":"tag-espana","13":"tag-famosos","14":"tag-imanol-arias","15":"tag-spain","16":"tag-tve"},"share_on_mastodon":{"url":"","error":""},"_links":{"self":[{"href":"https:\/\/www.europesays.com\/es\/wp-json\/wp\/v2\/posts\/150814","targetHints":{"allow":["GET"]}}],"collection":[{"href":"https:\/\/www.europesays.com\/es\/wp-json\/wp\/v2\/posts"}],"about":[{"href":"https:\/\/www.europesays.com\/es\/wp-json\/wp\/v2\/types\/post"}],"author":[{"embeddable":true,"href":"https:\/\/www.europesays.com\/es\/wp-json\/wp\/v2\/users\/2"}],"replies":[{"embeddable":true,"href":"https:\/\/www.europesays.com\/es\/wp-json\/wp\/v2\/comments?post=150814"}],"version-history":[{"count":0,"href":"https:\/\/www.europesays.com\/es\/wp-json\/wp\/v2\/posts\/150814\/revisions"}],"wp:featuredmedia":[{"embeddable":true,"href":"https:\/\/www.europesays.com\/es\/wp-json\/wp\/v2\/media\/150815"}],"wp:attachment":[{"href":"https:\/\/www.europesays.com\/es\/wp-json\/wp\/v2\/media?parent=150814"}],"wp:term":[{"taxonomy":"category","embeddable":true,"href":"https:\/\/www.europesays.com\/es\/wp-json\/wp\/v2\/categories?post=150814"},{"taxonomy":"post_tag","embeddable":true,"href":"https:\/\/www.europesays.com\/es\/wp-json\/wp\/v2\/tags?post=150814"}],"curies":[{"name":"wp","href":"https:\/\/api.w.org\/{rel}","templated":true}]}}