{"id":150834,"date":"2025-10-01T14:57:16","date_gmt":"2025-10-01T14:57:16","guid":{"rendered":"https:\/\/www.europesays.com\/es\/150834\/"},"modified":"2025-10-01T14:57:16","modified_gmt":"2025-10-01T14:57:16","slug":"instrucciones-sobre-aspectos-organizativos-de-los-cursos-de-especializacion-autorizados-para-2025-26-anpe-andalucia","status":"publish","type":"post","link":"https:\/\/www.europesays.com\/es\/150834\/","title":{"rendered":"Instrucciones sobre aspectos organizativos de los cursos de especializaci\u00f3n autorizados para 2025\/26 &#8211; ANPE Andaluc\u00eda"},"content":{"rendered":"<ol>\n<li><a href=\"https:\/\/news.google.com\/rss\/articles\/CBMi9wFBVV95cUxNMG9jRFJoM3RvQ1puYUpGMjVKZExFWnA5SmRYdHNOb0hNS3Y4cFkyTlBIRkQzTXRrTm52dmpkRVIxdnJHdjVWQVFXc0dFc0NQc2pFam1wTXhnQ3p2Mk15bzl2VWQ3bkFEUVN1Q1pfRldKNGFySF9LTktWTEg1cDdEeWhhYVA0Z1c1bnNxMUVEcVB3b2NEcjZ0NnlKSHZwWFBndThvc3pISm1XZHRRUERDcTYzc1BITmg0c1lWakxMRW8tRDc2STZoVWc3ZjZNWUc4UTJvWnFjcEV6WFA2Ylo5d2UzcXh5LWFqOHU3UzRqWmw2RGp0QXNV?oc=5\" target=\"_blank\" rel=\"nofollow noopener\">Instrucciones sobre aspectos organizativos de los cursos de especializaci\u00f3n autorizados para 2025\/26<\/a>&nbsp;&nbsp;ANPE Andaluc\u00eda<\/li>\n<li><a href=\"https:\/\/news.google.com\/rss\/articles\/CBMiaEFVX3lxTFBWMm8tT0pGZlVpNVhBczFlN01ySTd0M25PX0E3QU1fZThobzRQV3BIOUtXREd3SkVtV2NZSVdkNnFWMzdUSjB2dlEtQ0RGQUNPMFk3bHdRTS1FRVF2bG9nQUgzdkJWNlRm?oc=5\" target=\"_blank\" rel=\"nofollow noopener\">Nuevo Orden : Fase de formaci\u00f3n en empresa u organismo equ\u2026<\/a>&nbsp;&nbsp;CSIF<\/li>\n<li><a href=\"https:\/\/news.google.com\/rss\/articles\/CBMicEFVX3lxTFBOd3FHX3VpZFpHRjV3Z0k2OEtiU3RZX3Rwa1ozaGxvMFo3cUlwcUstczZSd095X3R4Y1l6T3VzRjY0a0NnYXhhSHVKNVJNZnJaVWhOSjZUbDBPYmlzYkVaX0lEUU5nUE1lb01Gd3R2dUk?oc=5\" target=\"_blank\" rel=\"nofollow noopener\">NOVEDADES (del 22 al 26 de septiembre)<\/a>&nbsp;&nbsp;CGT Educaci\u00f3n Andaluc\u00eda<\/li>\n<li><a href=\"https:\/\/news.google.com\/rss\/articles\/CBMiqAFBVV95cUxQSU4zeWRoaXY1dXZhTWtHVUJvMGd2eWk0YVdaNTVmSzhHTmhqS0JrOW5XLWstMXAtWEpIMGhhc1JHMnVISTVKbUhFZkZ3MlN6SFhGWUc3bmw4eFJxQVllUV9LZXV6U2xEVS1KSXVuTi1JanIzRl9PaVRvZVhxY1JsUl9YVlYzQWtNUjRhVmhjRDNiNHp0UGhMUk5rNUdIZGtqakwtNEZ1QnE?oc=5\" target=\"_blank\" rel=\"nofollow noopener\">FP Normativa: Nueva Instrucciones sobre los Cursos de Especializaci\u00f3n (Grado E)<\/a>&nbsp;&nbsp;USTEA Educaci\u00f3n<\/li>\n<li><a href=\"https:\/\/news.google.com\/rss\/articles\/CBMi7AFBVV95cUxPb3JKYnhTQzhZSGJ0WHJoZFdnTG5jd2ZEbXJZLU5FaWV3azBRVDFGOVZpeFlTdjdUWS0tcW5OMVJhMnRHajRhaHVHZTRoRzBRdXN2WlNhNl9EYmN4ZHFHOHh2T0tWMk9TeDIwZUJjU2t5Nm1WSDE1bDVUaDU1VGtLSVN5bktsWTZiTkxGQVFZTkNPSjJaVDBQUVpIQ2k3Q1pkRkU4MlBtb1VaOUtfTW5FbjJlaGhycHlrMTZ1bFhvb2FOeEVhZUxoQU55RUJwQ3ZIZXNQc3lrZ1BMamZLRWlPM2hHU3VJbFBrWEVqUg?oc=5\" target=\"_blank\" rel=\"nofollow noopener\">Calendario auton\u00f3mico de d\u00edas inh\u00e1biles a efectos de c\u00f3mputos de plazos administrativos para 2026<\/a>&nbsp;&nbsp;ANPE Andaluc\u00eda<\/li>\n<\/ol>\n","protected":false},"excerpt":{"rendered":"Instrucciones sobre aspectos organizativos de los cursos de especializaci\u00f3n autorizados para 2025\/26&nbsp;&nbsp;ANPE Andaluc\u00eda Nuevo Orden : Fase de&hellip;\n","protected":false},"author":2,"featured_media":150835,"comment_status":"","ping_status":"","sticky":false,"template":"","format":"standard","meta":{"footnotes":""},"categories":[8],"tags":[17,18,25,24,13,14,45779,11,19,20,9,10,15,16,23,12,21,22],"class_list":{"0":"post-150834","1":"post","2":"type-post","3":"status-publish","4":"format-standard","5":"has-post-thumbnail","7":"category-espana","8":"tag-breaking-news","9":"tag-breakingnews","10":"tag-es","11":"tag-espana","12":"tag-featured-news","13":"tag-featurednews","14":"tag-fp-en-andalucia-instrucciones-sobre-aspectos-organizativos-de-los-cursos-de-especializacion-autorizados-para-2025-26","15":"tag-headlines","16":"tag-latest-news","17":"tag-latestnews","18":"tag-news","19":"tag-noticias","20":"tag-noticias-destacadas","21":"tag-noticiasdestacadas","22":"tag-spain","23":"tag-titulares","24":"tag-ultimas-noticias","25":"tag-ultimasnoticias"},"share_on_mastodon":{"url":"","error":""},"_links":{"self":[{"href":"https:\/\/www.europesays.com\/es\/wp-json\/wp\/v2\/posts\/150834","targetHints":{"allow":["GET"]}}],"collection":[{"href":"https:\/\/www.europesays.com\/es\/wp-json\/wp\/v2\/posts"}],"about":[{"href":"https:\/\/www.europesays.com\/es\/wp-json\/wp\/v2\/types\/post"}],"author":[{"embeddable":true,"href":"https:\/\/www.europesays.com\/es\/wp-json\/wp\/v2\/users\/2"}],"replies":[{"embeddable":true,"href":"https:\/\/www.europesays.com\/es\/wp-json\/wp\/v2\/comments?post=150834"}],"version-history":[{"count":0,"href":"https:\/\/www.europesays.com\/es\/wp-json\/wp\/v2\/posts\/150834\/revisions"}],"wp:featuredmedia":[{"embeddable":true,"href":"https:\/\/www.europesays.com\/es\/wp-json\/wp\/v2\/media\/150835"}],"wp:attachment":[{"href":"https:\/\/www.europesays.com\/es\/wp-json\/wp\/v2\/media?parent=150834"}],"wp:term":[{"taxonomy":"category","embeddable":true,"href":"https:\/\/www.europesays.com\/es\/wp-json\/wp\/v2\/categories?post=150834"},{"taxonomy":"post_tag","embeddable":true,"href":"https:\/\/www.europesays.com\/es\/wp-json\/wp\/v2\/tags?post=150834"}],"curies":[{"name":"wp","href":"https:\/\/api.w.org\/{rel}","templated":true}]}}