{"id":150837,"date":"2025-10-01T14:59:10","date_gmt":"2025-10-01T14:59:10","guid":{"rendered":"https:\/\/www.europesays.com\/es\/150837\/"},"modified":"2025-10-01T14:59:10","modified_gmt":"2025-10-01T14:59:10","slug":"primera-nacional-femenina-2025-26-j01","status":"publish","type":"post","link":"https:\/\/www.europesays.com\/es\/150837\/","title":{"rendered":"Primera Nacional Femenina 2025-26. J01"},"content":{"rendered":"<p>        <strong>Comienza la temporada de Primera Nacional 2025-26.<\/strong><\/p>\n<p>\u00a0<\/p>\n<p>Este fin de semana ha dado comienzo la temporada regular de Primera Nacional para los 14 clubes de la Comunitat.<\/p>\n<p>A falta del partido entre <strong>CEVB Altea<\/strong> y <strong>H Mislata<\/strong>, se han producido 6 victorias y otras tantas derrotas.<\/p>\n<p>Los primeros l\u00edderes de la temporada son <strong>Agustinos Alicante<\/strong> y <strong>BM Benidorm<\/strong>, ya que empatan a diferencia de goles (+13).<\/p>\n<p>Tercero es <strong>BM Petrer<\/strong> (+7), la 4\u00aa posici\u00f3n es para <strong>H L\u2019Alcudia<\/strong> y <strong>BM Morvedre<\/strong>, ambos con +5.<\/p>\n<p>La sexta la ocupa <strong>H Comtat<\/strong> con 2 puntos y una diferencia de +1 gol.<\/p>\n<p>A partir de la s\u00e9ptima posici\u00f3n la ocupan los equipos que cayeron derrotados; BM Burjassot (-1), <strong>H Vila-real<\/strong> y <strong>H Algiros<\/strong> (-5), <strong>Levante Marni <\/strong>(-7) y <strong>H Picassent<\/strong> y <strong>Jaime I<\/strong> con -13 de golaveraje.<\/p>\n<p>\u00a0<\/p>\n<p><strong>Resultados<\/strong><\/p>\n<p>Estos son los resultados de la primera jornada:<\/p>\n<p>S\u00e1bado 27 de septiembre<\/p>\n<ul>\n<li><strong>CBM Asvian Asesores Burjassot<\/strong> \u2013 <strong>H Commtat<\/strong> (25-26)<\/li>\n<li><strong>Levante UDBM Marni B<\/strong> \u2013 <strong>CB Petrer<\/strong> (24-31)<\/li>\n<li><strong>PCS CH Picassent A<\/strong> \u2013 <strong>Fundaci\u00f3n Agustinos Alicante<\/strong> (20-33)<\/li>\n<\/ul>\n<p>Domingo 04 de mayo<\/p>\n<ul>\n<li><strong>CBM Morvedre B<\/strong> \u2013 <strong>CBM Algir\u00f3s A<\/strong> (30-25)<\/li>\n<li><strong>PMA CH Vila-real<\/strong> \u2013 <strong>H l\u2019Alcudia<\/strong> (26-31)<\/li>\n<li><strong>Moldtrans Jaime I<\/strong> \u2013 <strong>BM Servigroup Benidorm<\/strong> (18-31)<\/li>\n<\/ul>\n<p>Viernes 03 de octubre<\/p>\n<ul>\n<li>20h30 <strong>CEVB Altea<\/strong> \u2013 <strong>Grupo USA H Mislata<\/strong><\/li>\n<\/ul>\n<p>\u00a0<\/p>\n<p>As\u00ed queda la clasificaci\u00f3n tras la primera jornada:<\/p>\n<p><a href=\"https:\/\/dbsport.press\/primera-nacional-femenina-2024-25-j26\/clasificacion-j01-primera-nacional-femenina-2025-26\/\" rel=\"attachment wp-att-197205 nofollow noopener\" target=\"_blank\"><img loading=\"lazy\" data-recalc-dims=\"1\" decoding=\"async\" data-attachment-id=\"197205\" data-permalink=\"https:\/\/dbsport.press\/primera-nacional-femenina-2024-25-j26\/clasificacion-j01-primera-nacional-femenina-2025-26\/\" data-orig-file=\"https:\/\/i0.wp.com\/dbsport.press\/wp-content\/uploads\/2025\/05\/Clasificacion-J01-Primera-nacional-femenina-2025-26.jpg?fit=700%2C447&amp;ssl=1\" data-orig-size=\"700,447\" data-comments-opened=\"1\" data-image-meta=\"{&quot;aperture&quot;:&quot;0&quot;,&quot;credit&quot;:&quot;&quot;,&quot;camera&quot;:&quot;&quot;,&quot;caption&quot;:&quot;&quot;,&quot;created_timestamp&quot;:&quot;0&quot;,&quot;copyright&quot;:&quot;&quot;,&quot;focal_length&quot;:&quot;0&quot;,&quot;iso&quot;:&quot;0&quot;,&quot;shutter_speed&quot;:&quot;0&quot;,&quot;title&quot;:&quot;&quot;,&quot;orientation&quot;:&quot;0&quot;}\" data-image-title=\"Clasificaci\u00f3n J01 Primera nacional femenina 2025-26\" data-image-description=\"&lt;p&gt;Clasificaci\u00f3n J01 Primera nacional femenina 2025-26&lt;\/p&gt;&#10;\" data-image-caption=\"&lt;p&gt;Clasificaci\u00f3n J01 Primera nacional femenina 2025-26&lt;\/p&gt;&#10;\" data-medium-file=\"https:\/\/i0.wp.com\/dbsport.press\/wp-content\/uploads\/2025\/05\/Clasificacion-J01-Primera-nacional-femenina-2025-26.jpg?fit=300%2C192&amp;ssl=1\" data-large-file=\"https:\/\/i0.wp.com\/dbsport.press\/wp-content\/uploads\/2025\/05\/Clasificacion-J01-Primera-nacional-femenina-2025-26.jpg?fit=640%2C409&amp;ssl=1\" class=\"size-full wp-image-197205\" src=\"https:\/\/www.europesays.com\/es\/wp-content\/uploads\/2025\/10\/Clasificacion-J01-Primera-nacional-femenina-2025-26.jpg\" alt=\"Clasificaci\u00f3n J01 Primera nacional femenina 2025-26\" width=\"640\" height=\"409\"  \/><\/a>Clasificaci\u00f3n J01 Primera nacional femenina 2025-26<\/p>\n<p>\u00a0<\/p>\n<p><strong>An\u00e1lisis de los clubes valencianos<\/strong><br \/>\n<strong>Levante UD BM Marni.<\/strong><br \/>\n<a href=\"https:\/\/dbsport.press\/primera-nacional-femenina-2025-26-j01\/levante-marni-220\/\" rel=\"attachment wp-att-197210 nofollow noopener\" target=\"_blank\"><img loading=\"lazy\" data-recalc-dims=\"1\" decoding=\"async\" data-attachment-id=\"197210\" data-permalink=\"https:\/\/dbsport.press\/primera-nacional-femenina-2025-26-j01\/levante-marni-220\/\" data-orig-file=\"https:\/\/i0.wp.com\/dbsport.press\/wp-content\/uploads\/2025\/09\/Levante-Marni.jpg?fit=300%2C260&amp;ssl=1\" data-orig-size=\"300,260\" data-comments-opened=\"1\" data-image-meta=\"{&quot;aperture&quot;:&quot;0&quot;,&quot;credit&quot;:&quot;&quot;,&quot;camera&quot;:&quot;&quot;,&quot;caption&quot;:&quot;&quot;,&quot;created_timestamp&quot;:&quot;0&quot;,&quot;copyright&quot;:&quot;&quot;,&quot;focal_length&quot;:&quot;0&quot;,&quot;iso&quot;:&quot;0&quot;,&quot;shutter_speed&quot;:&quot;0&quot;,&quot;title&quot;:&quot;&quot;,&quot;orientation&quot;:&quot;0&quot;}\" data-image-title=\"Levante Marni\" data-image-description=\"&lt;p&gt;Levante Marni&lt;\/p&gt;&#10;\" data-image-caption=\"&lt;p&gt;Levante Marni&lt;\/p&gt;&#10;\" data-medium-file=\"https:\/\/i0.wp.com\/dbsport.press\/wp-content\/uploads\/2025\/09\/Levante-Marni.jpg?fit=300%2C260&amp;ssl=1\" data-large-file=\"https:\/\/i0.wp.com\/dbsport.press\/wp-content\/uploads\/2025\/09\/Levante-Marni.jpg?fit=300%2C260&amp;ssl=1\" class=\"size-full wp-image-197210\" src=\"https:\/\/www.europesays.com\/es\/wp-content\/uploads\/2025\/10\/Levante-Marni.jpg\" alt=\"Levante Marni\" width=\"300\" height=\"260\"\/><\/a>Levante Marni<\/p>\n<p>Primera jornada de competici\u00f3n para nuestro equipo del Senior de Primera Nacional Femenina, en el que debutaron con un duelo intenso en que nuestras chicas no pudieron superar a un s\u00f3lido <strong>Petrer<\/strong>, que se impuso con autoridad por 24-31.<\/p>\n<p>Desde el inicio, las visitantes marcaron el ritmo del encuentro, mostrando mayor solidez tanto en lo t\u00e9cnico como en lo f\u00edsico. Siempre por delante en el marcador, las alicantinas supieron gestionar la ventaja con un juego ordenado y efectivo.<\/p>\n<p>Las locales, por su parte, lo intentaron con coraje, pero la falta de acierto en ataque \u2014con demasiados lanzamientos errados\u2014 y una defensa poco contundente, acabaron pesando demasiado. La nota positiva para el conjunto granota la puso la portera Mireia, que firm\u00f3 una destacada actuaci\u00f3n con intervenciones de m\u00e9rito que mantuvieron a su equipo con opciones durante varias fases del choque.<\/p>\n<p>La juventud y la falta de rodaje del <strong>Levante UD BM Marni<\/strong> quedaron patentes frente a un rival m\u00e1s experimentado, que no desaprovech\u00f3 la ocasi\u00f3n para sumar dos puntos importantes. A\u00fan as\u00ed, el esfuerzo y la entrega de las de Orriols dejan margen de esperanza para seguir creciendo en la competici\u00f3n.<\/p>\n<p>\u00a0<\/p>\n<p>Escribe:  H\u00e9ctor Lagarda.<br \/>\nFuente:  Clubes valencianos y web FBMCV.<\/p>\n<p><a href=\"#top\">top<\/a><br \/><strong>_________________________________________________<\/strong><\/p>\n<p>        About Author<\/p>\n<p>                <a href=\"https:\/\/dbsport.press\/author\/hectorlagarda\/\" rel=\"nofollow noopener\" target=\"_blank\"><img loading=\"lazy\" decoding=\"async\" alt=\"\" src=\"https:\/\/www.europesays.com\/es\/wp-content\/uploads\/2025\/10\/1759330750_782_f24fd34f4e76a5a3a05f737ac56799d41e81b3ef17aceabd178298819bb2c697\"  class=\"avatar avatar-150 photo\" height=\"150\" width=\"150\"\/><\/a><\/p>\n<p>                \t\t\tMe gusta esto:<\/p>\n<p>Me gusta Cargando&#8230;<\/p>\n<p><a class=\"sd-link-color\"\/>                    <\/p>\n<p>\t\tNavegaci\u00f3n de entradas<\/p>\n","protected":false},"excerpt":{"rendered":"Comienza la temporada de Primera Nacional 2025-26. \u00a0 Este fin de semana ha dado comienzo la temporada regular&hellip;\n","protected":false},"author":2,"featured_media":150838,"comment_status":"","ping_status":"","sticky":false,"template":"","format":"standard","meta":{"footnotes":""},"categories":[278],"tags":[376,168,25,24,375,23,167],"class_list":{"0":"post-150837","1":"post","2":"type-post","3":"status-publish","4":"format-standard","5":"has-post-thumbnail","7":"category-balonmano","8":"tag-balonmano","9":"tag-deportes","10":"tag-es","11":"tag-espana","12":"tag-handball","13":"tag-spain","14":"tag-sports"},"share_on_mastodon":{"url":"","error":""},"_links":{"self":[{"href":"https:\/\/www.europesays.com\/es\/wp-json\/wp\/v2\/posts\/150837","targetHints":{"allow":["GET"]}}],"collection":[{"href":"https:\/\/www.europesays.com\/es\/wp-json\/wp\/v2\/posts"}],"about":[{"href":"https:\/\/www.europesays.com\/es\/wp-json\/wp\/v2\/types\/post"}],"author":[{"embeddable":true,"href":"https:\/\/www.europesays.com\/es\/wp-json\/wp\/v2\/users\/2"}],"replies":[{"embeddable":true,"href":"https:\/\/www.europesays.com\/es\/wp-json\/wp\/v2\/comments?post=150837"}],"version-history":[{"count":0,"href":"https:\/\/www.europesays.com\/es\/wp-json\/wp\/v2\/posts\/150837\/revisions"}],"wp:featuredmedia":[{"embeddable":true,"href":"https:\/\/www.europesays.com\/es\/wp-json\/wp\/v2\/media\/150838"}],"wp:attachment":[{"href":"https:\/\/www.europesays.com\/es\/wp-json\/wp\/v2\/media?parent=150837"}],"wp:term":[{"taxonomy":"category","embeddable":true,"href":"https:\/\/www.europesays.com\/es\/wp-json\/wp\/v2\/categories?post=150837"},{"taxonomy":"post_tag","embeddable":true,"href":"https:\/\/www.europesays.com\/es\/wp-json\/wp\/v2\/tags?post=150837"}],"curies":[{"name":"wp","href":"https:\/\/api.w.org\/{rel}","templated":true}]}}