{"id":150865,"date":"2025-10-01T15:19:10","date_gmt":"2025-10-01T15:19:10","guid":{"rendered":"https:\/\/www.europesays.com\/es\/150865\/"},"modified":"2025-10-01T15:19:10","modified_gmt":"2025-10-01T15:19:10","slug":"peru-captura-a-sospechoso-de-triple-feminicidio-en-argentina-dw-01-10-2025","status":"publish","type":"post","link":"https:\/\/www.europesays.com\/es\/150865\/","title":{"rendered":"Per\u00fa captura a sospechoso de triple feminicidio en Argentina \u2013 DW \u2013 01\/10\/2025"},"content":{"rendered":"<p>La Polic\u00eda Nacional de <a class=\"internal-link\" href=\"https:\/\/www.dw.com\/es\/per\u00fa\/t-17409849\" rel=\"nofollow noopener\" target=\"_blank\">Per\u00fa<\/a> (PNP) confirm\u00f3 el martes (30.09.2025) que captur\u00f3 en Lima al ciudadano peruano T. Valverde, conocido con el alias de Peque\u00f1o J, considerado el autor intelectual del feminicidio de tres j\u00f3venes en <a class=\"internal-link\" href=\"https:\/\/www.dw.com\/es\/argentina\/t-17411654\" rel=\"nofollow noopener\" target=\"_blank\">Argentina<\/a>.<\/p>\n<p>La PNP se\u00f1al\u00f3 en la red social X que Valverde fue detenido junto con otro ciudadano peruano, identificado como M.\u00a0Ozorio, tambi\u00e9n presuntamente vinculado con el <a class=\"internal-link\" href=\"https:\/\/www.dw.com\/es\/argentina-millares-exigen-justicia-por-triple-feminicidio\/a-74162967\" rel=\"nofollow noopener\" target=\"_blank\">triple crimen<\/a> ocurrido el pasado 19 de septiembre en la localidad de Florencio Varela.<\/p>\n<p>\u00abEn una r\u00e1pida acci\u00f3n y mediante una intervenci\u00f3n simult\u00e1nea, agentes de la Direcci\u00f3n Antidrogas, en coordinaci\u00f3n con Interpol Argentina, detuvieron en Pucusana a alias &#8216;Peque\u00f1o Jota&#8217; y a M. Ozorio, ambos pr\u00f3fugos de Argentina y con notificaci\u00f3n roja de Interpol, implicados en un triple asesinato en Buenos Aires\u00bb, detall\u00f3 la informaci\u00f3n.<\/p>\n<p>Peque\u00f1o J es un peruano de 20 a\u00f1os al que las autoridades argentinas han se\u00f1alado como el autor intelectual del asesinato en Buenos Aires de Morena Verdi y Brenda del Castillo, ambas de 20 a\u00f1os, y Lara Guti\u00e9rrez, de 15 a\u00f1os.<\/p>\n<p>Coordinan la entrega a Argentina<\/p>\n<p>Agreg\u00f3 que Valverde \u00abestar\u00eda vinculado a redes internacionales de narcotr\u00e1fico y es se\u00f1alado como presunto autor intelectual del hecho, mientras las autoridades coordinan su traslado a la justicia argentina\u00bb.<\/p>\n<p>Esta informaci\u00f3n fue difundida despu\u00e9s de que la ministra de Seguridad Nacional de Argentina, Patricia Bullrich, anunci\u00f3 en la red social X que las autoridades de Per\u00fa hab\u00edan capturado a Valverde.<\/p>\n<p>\u00abQuiero felicitar a la Polic\u00eda Nacional del Per\u00fa por el enorme trabajo y la colaboraci\u00f3n en la captura de los dos pr\u00f3fugos del triple crimen\u00bb, anunci\u00f3 Bullrich a trav\u00e9s de una publicaci\u00f3n, poco despu\u00e9s de haber comunicado la detenci\u00f3n de Ozorio.<\/p>\n<p>La causa ha sido calificada por la Fiscal\u00eda como homicidio calificado, por ser premeditado por dos o m\u00e1s personas y tras ser cometido con alevos\u00eda y ensa\u00f1amiento y como violencia de g\u00e9nero.<\/p>\n<p>El crimen fue trasmitido en vivo por un grupo cerrado de una red social, algo que, seg\u00fan dijo este lunes el ministro de Seguridad de la provincia de Buenos Aires, Javier Alonso, tuvo como objetivo \u00abfortalecer el liderazgo\u00bb de la cabeza de la banda, \u00abque va m\u00e1s all\u00e1 de los l\u00edmites de la Argentina\u00bb.<\/p>\n<p>gs (efe, El Comercio)<\/p>\n<p>Milei contra la figura del feminicidio<video id=\"video-71566227\" controls=\"\" playsinline=\"\" preload=\"none\" poster=\"data:image\/png;base64,iVBORw0KGgoAAAANSUhEUgAAAAEAAAABCAQAAAC1HAwCAAAAC0lEQVR42mNkYAAAAAYAAjCB0C8AAAAASUVORK5CYII=\" data-id=\"71566227\" data-posterurl=\"https:\/\/static.dw.com\/image\/71566105_605.webp\" data-duration=\"02:42\"><\/p>\n<p class=\"vjs-no-js\">To view this video please enable JavaScript, and consider upgrading to a web browser that <a href=\"https:\/\/videojs.com\/html5-video-support\/\" target=\"_blank\" rel=\"nofollow noopener\">supports HTML5 video<\/a><\/p>\n<p><\/video><\/p>\n","protected":false},"excerpt":{"rendered":"La Polic\u00eda Nacional de Per\u00fa (PNP) confirm\u00f3 el martes (30.09.2025) que captur\u00f3 en Lima al ciudadano peruano T.&hellip;\n","protected":false},"author":2,"featured_media":150866,"comment_status":"","ping_status":"","sticky":false,"template":"","format":"standard","meta":{"footnotes":""},"categories":[42],"tags":[17,18,13,14,11,61,62,63,64,19,20,9,10,15,16,12,21,22,65,66,67],"class_list":{"0":"post-150865","1":"post","2":"type-post","3":"status-publish","4":"format-standard","5":"has-post-thumbnail","7":"category-internacional","8":"tag-breaking-news","9":"tag-breakingnews","10":"tag-featured-news","11":"tag-featurednews","12":"tag-headlines","13":"tag-internacional","14":"tag-international","15":"tag-international-news","16":"tag-internationalnews","17":"tag-latest-news","18":"tag-latestnews","19":"tag-news","20":"tag-noticias","21":"tag-noticias-destacadas","22":"tag-noticiasdestacadas","23":"tag-titulares","24":"tag-ultimas-noticias","25":"tag-ultimasnoticias","26":"tag-world","27":"tag-world-news","28":"tag-worldnews"},"share_on_mastodon":{"url":"","error":""},"_links":{"self":[{"href":"https:\/\/www.europesays.com\/es\/wp-json\/wp\/v2\/posts\/150865","targetHints":{"allow":["GET"]}}],"collection":[{"href":"https:\/\/www.europesays.com\/es\/wp-json\/wp\/v2\/posts"}],"about":[{"href":"https:\/\/www.europesays.com\/es\/wp-json\/wp\/v2\/types\/post"}],"author":[{"embeddable":true,"href":"https:\/\/www.europesays.com\/es\/wp-json\/wp\/v2\/users\/2"}],"replies":[{"embeddable":true,"href":"https:\/\/www.europesays.com\/es\/wp-json\/wp\/v2\/comments?post=150865"}],"version-history":[{"count":0,"href":"https:\/\/www.europesays.com\/es\/wp-json\/wp\/v2\/posts\/150865\/revisions"}],"wp:featuredmedia":[{"embeddable":true,"href":"https:\/\/www.europesays.com\/es\/wp-json\/wp\/v2\/media\/150866"}],"wp:attachment":[{"href":"https:\/\/www.europesays.com\/es\/wp-json\/wp\/v2\/media?parent=150865"}],"wp:term":[{"taxonomy":"category","embeddable":true,"href":"https:\/\/www.europesays.com\/es\/wp-json\/wp\/v2\/categories?post=150865"},{"taxonomy":"post_tag","embeddable":true,"href":"https:\/\/www.europesays.com\/es\/wp-json\/wp\/v2\/tags?post=150865"}],"curies":[{"name":"wp","href":"https:\/\/api.w.org\/{rel}","templated":true}]}}