{"id":150881,"date":"2025-10-01T15:33:09","date_gmt":"2025-10-01T15:33:09","guid":{"rendered":"https:\/\/www.europesays.com\/es\/150881\/"},"modified":"2025-10-01T15:33:09","modified_gmt":"2025-10-01T15:33:09","slug":"colapinto-es-el-favorito-para-alpine-en-2026","status":"publish","type":"post","link":"https:\/\/www.europesays.com\/es\/150881\/","title":{"rendered":"Colapinto es el favorito para Alpine en 2026"},"content":{"rendered":"<p>Foto: TyC Sports.<br \/>\nUn an\u00e1lisis de un prestigioso medio estadounidense posicion\u00f3 al argentino como la alternativa m\u00e1s firme dentro del equipo para la pr\u00f3xima temporada de la F\u00f3rmula 1.<\/p>\n<p>El futuro del segundo asiento en Alpine para 2026 a\u00fan no est\u00e1 confirmado oficialmente, pero todo apunta a que Franco Colapinto es el principal candidato. As\u00ed lo refleja un reciente art\u00edculo de The Athletic, la secci\u00f3n deportiva del prestigioso New York Times, que destaca al piloto argentino como el m\u00e1s firme aspirante.<\/p>\n<p>Con Pierre Gasly asegurado en el equipo hasta 2028, la inc\u00f3gnita es qui\u00e9n ser\u00e1 su compa\u00f1ero en la nueva etapa de Alpine, que incluir\u00e1 motores Mercedes dentro de un gran cambio reglamentario. Seg\u00fan la periodista Madeline Coleman, Colapinto supera en la consideraci\u00f3n a Jack Doohan y Paul Aron.<\/p>\n<p><a href=\"https:\/\/radio3cadenapatagonia.com.ar\/gimnasia-de-comodoro-presento-su-plantel-para-la-liga-nacional\/\" target=\"_blank\" rel=\"noopener nofollow\"><strong>MIR\u00c1 TAMBI\u00c9N: Gimnasia de Comodoro present\u00f3 su plantel para la Liga Nacional<\/strong><\/a><\/p>\n<p>El an\u00e1lisis se\u00f1ala que la definici\u00f3n reci\u00e9n se har\u00eda en noviembre de 2025, posiblemente en el Gran Premio de Brasil. Mientras tanto, el argentino corre con ventaja tras haber reemplazado a Doohan desde Imola, demostrando condiciones que lo posicionan en un lugar preferencial.<\/p>\n<p>La publicaci\u00f3n resalta tambi\u00e9n su paso por Williams, donde consigui\u00f3 puntos en dos de sus primeras cuatro carreras. Aunque su adaptaci\u00f3n a Alpine no fue sencilla, en gran parte por la falta de pretemporada y el bajo rendimiento del monoplaza, su potencial deportivo y comercial lo sostienen como favorito.<\/p>\n<p>Incluso Flavio Briatore, jefe de la escuder\u00eda, reconoci\u00f3 que \u201cla presi\u00f3n sobre el argentino fue excesiva\u201d, y en di\u00e1logo con The Race dej\u00f3 claro que la decisi\u00f3n final est\u00e1 entre Colapinto y Aron. \u201cEs entre Franco y Paul\u201d, resumi\u00f3.<\/p>\n<p><strong>Fuente: TyC Sports.<\/strong><\/p>\n","protected":false},"excerpt":{"rendered":"Foto: TyC Sports. Un an\u00e1lisis de un prestigioso medio estadounidense posicion\u00f3 al argentino como la alternativa m\u00e1s firme&hellip;\n","protected":false},"author":2,"featured_media":150882,"comment_status":"","ping_status":"","sticky":false,"template":"","format":"standard","meta":{"footnotes":""},"categories":[270],"tags":[168,25,24,306,271,272,23,167],"class_list":{"0":"post-150881","1":"post","2":"type-post","3":"status-publish","4":"format-standard","5":"has-post-thumbnail","7":"category-formula-1","8":"tag-deportes","9":"tag-es","10":"tag-espana","11":"tag-f1","12":"tag-formula-1","13":"tag-formula1","14":"tag-spain","15":"tag-sports"},"share_on_mastodon":{"url":"","error":""},"_links":{"self":[{"href":"https:\/\/www.europesays.com\/es\/wp-json\/wp\/v2\/posts\/150881","targetHints":{"allow":["GET"]}}],"collection":[{"href":"https:\/\/www.europesays.com\/es\/wp-json\/wp\/v2\/posts"}],"about":[{"href":"https:\/\/www.europesays.com\/es\/wp-json\/wp\/v2\/types\/post"}],"author":[{"embeddable":true,"href":"https:\/\/www.europesays.com\/es\/wp-json\/wp\/v2\/users\/2"}],"replies":[{"embeddable":true,"href":"https:\/\/www.europesays.com\/es\/wp-json\/wp\/v2\/comments?post=150881"}],"version-history":[{"count":0,"href":"https:\/\/www.europesays.com\/es\/wp-json\/wp\/v2\/posts\/150881\/revisions"}],"wp:featuredmedia":[{"embeddable":true,"href":"https:\/\/www.europesays.com\/es\/wp-json\/wp\/v2\/media\/150882"}],"wp:attachment":[{"href":"https:\/\/www.europesays.com\/es\/wp-json\/wp\/v2\/media?parent=150881"}],"wp:term":[{"taxonomy":"category","embeddable":true,"href":"https:\/\/www.europesays.com\/es\/wp-json\/wp\/v2\/categories?post=150881"},{"taxonomy":"post_tag","embeddable":true,"href":"https:\/\/www.europesays.com\/es\/wp-json\/wp\/v2\/tags?post=150881"}],"curies":[{"name":"wp","href":"https:\/\/api.w.org\/{rel}","templated":true}]}}