{"id":150924,"date":"2025-10-01T16:05:09","date_gmt":"2025-10-01T16:05:09","guid":{"rendered":"https:\/\/www.europesays.com\/es\/150924\/"},"modified":"2025-10-01T16:05:09","modified_gmt":"2025-10-01T16:05:09","slug":"las-luces-no-se-encienden-en-burgos-por-el-centenario-del-pintor-luis-saez","status":"publish","type":"post","link":"https:\/\/www.europesays.com\/es\/150924\/","title":{"rendered":"Las luces no se encienden en Burgos por el centenario del pintor Luis S\u00e1ez"},"content":{"rendered":"<p>Un siglo parece que ha pasado desde 2010, cuando fallec\u00eda en mayo uno de los pintores burgaleses m\u00e1s destacados de los \u00faltimos tiempos. Y otro siglo tambi\u00e9n desde que donara al Museo de Burgos m\u00e1s de 600 piezas confiando en que la pinacoteca le diera un espacio propio y permanente asociado a la ampliaci\u00f3n. Aquello ocurri\u00f3 un a\u00f1o antes de su muerte y, aunque es el artista con m\u00e1s obra expuesta en el museo, no es a lo que se aspiraba ni lo que se merece, pero es lo \u00fanico que puede ser mientras el centro no sea m\u00e1s grande.\u00a0<\/p>\n<p>Aunque lo parezca, en realidad de todo eso no ha pasado tanto tiempo. Sin embargo se cumple un siglo de verdad -o est\u00e1 a punto de hacerlo- de su nacimiento, lo que ocurrir\u00e1 el 9 de octubre. Ese d\u00eda de 1925 nac\u00eda en Mazuelo de Mu\u00f1\u00f3 el pintor que pas\u00f3 de la abstracci\u00f3n al realismo m\u00e1gico. Su impecable trayectoria le hizo ser uno de los pintores burgaleses m\u00e1s importantes de la segunda mitad del siglo XX y el m\u00e1s reconocido a nivel internacional.<\/p>\n<p>Su centenario lo record\u00f3 la Temporada L\u00edrica el a\u00f1o pasado con la escenograf\u00eda de El elixir del amor, de Donizetti, inspirada en el pintor. Y poco m\u00e1s se ha hecho en la ciudad. Ni se va a hacer, pese a que no haya tantos pintores en Burgos con su prestigio ni su capacidad creativa: Premio Nacional de Dibujo, Premio de las Artes de Castilla y Le\u00f3n y Medalla de Oro de la Diputaci\u00f3n, con obra en el Museo Reina Sof\u00eda, en las Cortes de Castilla y Le\u00f3n, el Museo Abstracto de Cuenca, el CAB o las pinacotecas de arte moderno de Barcelona, Bilbao o Sevilla. Y tampoco un centenario de uno de los pintores m\u00e1s destacados del panorama burgal\u00e9s es algo que ocurre todos los d\u00edas.\u00a0<\/p>\n<blockquote class=\"cita\"><p>Lo que pasa en esta ciudad es sangrante. Mucho Burgos 2031, pero nadie se acuerda de los grandes\u00bbCristino D\u00edez, artista<\/p><\/blockquote>\n<p>\u00abLo que pasa en esta ciudad es sangrante. Nadie se acuerda de Luis S\u00e1ez, ni de Modesto Ciruelos ni de los grandes del arte. Luego s\u00ed, queremos ser Capital Cultural Europea, pero las cosas de casa, las cotidianas, no las atiende nadie. Nos quieren hacer ver que tenemos opciones, cuando los temas actuales se los cargan\u00bb, se lamenta Cristino D\u00edez, gran defensor de la obra de Luis S\u00e1ez. \u00abEs lamentable. Mira si no se podr\u00eda haber hecho algo en el F\u00f3rum, con el espacio que hay\u00bb.\u00a0<\/p>\n<p>Tambi\u00e9n se lamenta su sobrino y artista Carlos S\u00e1ez, \u00abadmirador profundo de una obra que es descomunal\u00bb, como la describe el director de la Academia Provincial de Dibujo, centro por el que por cierto pas\u00f3 su t\u00edo. \u00abSe ten\u00edan que hacer m\u00e1s cosas, y se le tendr\u00eda que estudiar mejor\u00bb, reconoce, al tiempo que adelanta un peque\u00f1o homenaje que le quiere hacer la coral que lleva su nombre, conectada con el instituto bautizado como el pintor.<\/p>\n<p><strong>En el Museo de Burgos. <\/strong>La \u00fanica instituci\u00f3n que de momento ha planeado algo es la pinacoteca de la calle Miranda, que prepara una exposici\u00f3n repasando su trayectoria. La muestra se inaugurar\u00e1 en torno a la fecha de su onom\u00e1stica (9 de octubre) e incluir\u00e1 cerca de cuarenta obras de todas sus \u00e9pocas. En la sala de exposiciones temporales har\u00e1n ese gui\u00f1o a su aniversario mostrando piezas del legado del pintor que no se han exhibido y, por supuesto, otras reconocidas por el gran p\u00fablico.<\/p>\n<blockquote class=\"cita\"><p>Su obra es descomunal. Se tendr\u00edan que hacer m\u00e1s cosas y se le deber\u00eda estudiar mejor\u00bbCarlos S\u00e1ez, artista y sobrino<\/p><\/blockquote>\n<p>No en vano en el Museo de Burgos se conserva gran parte del arte que custodiaba el autor, y que cedi\u00f3 con la condici\u00f3n de que se pudiera exponer. La ampliaci\u00f3n que nunca llega ha relegado el proyecto a la espera de tiempos mejores o de celebraciones como esta.<\/p>\n<p>Luis S\u00e1ez (1925-2010) comenz\u00f3 como muralista, y a lo largo de su trayectoria fue tocando distintos estilos como el informalismo, el expresionismo y la abstracci\u00f3n, pasando por un estilo \u00abfigurativo que avanza hacia el realismo riguroso en la ejecuci\u00f3n, pero surrealista en el concepto\u00bb, sin olvidar que tambi\u00e9n era un gran colorista.<\/p>\n","protected":false},"excerpt":{"rendered":"Un siglo parece que ha pasado desde 2010, cuando fallec\u00eda en mayo uno de los pintores burgaleses m\u00e1s&hellip;\n","protected":false},"author":2,"featured_media":150925,"comment_status":"","ping_status":"","sticky":false,"template":"","format":"standard","meta":{"footnotes":""},"categories":[173],"tags":[229,233,231,230,623,45800,45802,20402,232,234,146,147,25,24,241,17650,45801,18088,4193,23],"class_list":{"0":"post-150924","1":"post","2":"type-post","3":"status-publish","4":"format-standard","5":"has-post-thumbnail","7":"category-arte-y-diseno","8":"tag-arte","9":"tag-arte-y-diseno","10":"tag-arts","11":"tag-arts-and-design","12":"tag-burgos","13":"tag-burgos-2031","14":"tag-cortes-de-castilla-y-leon","15":"tag-cristino-diez","16":"tag-design","17":"tag-diseno","18":"tag-entertainment","19":"tag-entretenimiento","20":"tag-es","21":"tag-espana","22":"tag-exposiciones","23":"tag-miranda-de-ebro","24":"tag-museo-de-burgos","25":"tag-museo-reina-sofia","26":"tag-siglo-xx","27":"tag-spain"},"share_on_mastodon":{"url":"","error":""},"_links":{"self":[{"href":"https:\/\/www.europesays.com\/es\/wp-json\/wp\/v2\/posts\/150924","targetHints":{"allow":["GET"]}}],"collection":[{"href":"https:\/\/www.europesays.com\/es\/wp-json\/wp\/v2\/posts"}],"about":[{"href":"https:\/\/www.europesays.com\/es\/wp-json\/wp\/v2\/types\/post"}],"author":[{"embeddable":true,"href":"https:\/\/www.europesays.com\/es\/wp-json\/wp\/v2\/users\/2"}],"replies":[{"embeddable":true,"href":"https:\/\/www.europesays.com\/es\/wp-json\/wp\/v2\/comments?post=150924"}],"version-history":[{"count":0,"href":"https:\/\/www.europesays.com\/es\/wp-json\/wp\/v2\/posts\/150924\/revisions"}],"wp:featuredmedia":[{"embeddable":true,"href":"https:\/\/www.europesays.com\/es\/wp-json\/wp\/v2\/media\/150925"}],"wp:attachment":[{"href":"https:\/\/www.europesays.com\/es\/wp-json\/wp\/v2\/media?parent=150924"}],"wp:term":[{"taxonomy":"category","embeddable":true,"href":"https:\/\/www.europesays.com\/es\/wp-json\/wp\/v2\/categories?post=150924"},{"taxonomy":"post_tag","embeddable":true,"href":"https:\/\/www.europesays.com\/es\/wp-json\/wp\/v2\/tags?post=150924"}],"curies":[{"name":"wp","href":"https:\/\/api.w.org\/{rel}","templated":true}]}}