{"id":150926,"date":"2025-10-01T16:06:13","date_gmt":"2025-10-01T16:06:13","guid":{"rendered":"https:\/\/www.europesays.com\/es\/150926\/"},"modified":"2025-10-01T16:06:13","modified_gmt":"2025-10-01T16:06:13","slug":"a-proposito-de-la-serie-mussolini-10-libros-para-entender-y-reflexionar-sobre-el-auge-del-fascismo","status":"publish","type":"post","link":"https:\/\/www.europesays.com\/es\/150926\/","title":{"rendered":"A prop\u00f3sito de la serie Mussolini: 10 libros para entender y reflexionar sobre el auge del fascismo"},"content":{"rendered":"<p>El fascismo &#8211; Stanley G. Payne<\/p>\n<p class=\"article-body__paragraph\">Este libro es un cl\u00e1sico. El historiador estadounidense public\u00f3 este volumen en que indaga en los casos m\u00e1s conocidos de reg\u00edmenes con caracter\u00edsticas fascistas, como los de Italia y Alemania, pero tambi\u00e9n en las llamadas experiencias postfascistas, como los de Espa\u00f1a (con Franco) y Portugal (con el Estado Novo). Adem\u00e1s, ofrece una mirada te\u00f3rica del fascimo en t\u00e9rminos gen\u00e9ricos m\u00e1s all\u00e1 del caso de Mussolini. \u201cEs probable que el t\u00e9rmino \u2018fascismo\u2019 sea el m\u00e1s vago de los t\u00e9rminos pol\u00edticos contempor\u00e1neo\u201c, dice Payne, y que en su mirada, es un fen\u00f3meno que se define desde la negaci\u00f3n. Muy recomendado si se quiere explorar el tema desde cero. <\/p>\n<p><img alt=\"\" class=\"global-image\" decoding=\"async\"  src=\"https:\/\/www.europesays.com\/es\/wp-content\/uploads\/2025\/10\/AJDPFKWOPNAYPKPRWC5HA3W22I.jpg\"  fetchpriority=\"low\" loading=\"lazy\"\/>La anatom\u00eda del fascismo &#8211; Robert Paxton<\/p>\n<p class=\"article-body__paragraph\">Original del 2005, Paxton analiza el concepto en base a una mirada politol\u00f3gica. Empieza aclarando qu\u00e9 es: las falsedades y los hilos comunes; la base social y pol\u00edtica que le permiti\u00f3 prosperar; sus dirigentes y luchas internas; c\u00f3mo se manifest\u00f3 de una forma distinta en cada pa\u00eds, no solo en Alemania e Italia sino adem\u00e1s en Francia, Inglaterra, los Pa\u00edses Bajos, la Europa oriental, incluso Latinoam\u00e9rica. <\/p>\n<p><img alt=\"\" class=\"global-image\" decoding=\"async\"  src=\"https:\/\/www.europesays.com\/es\/wp-content\/uploads\/2025\/10\/EADT5Z6BW5GUTFRKEOJOZHSIPE.jpg\"  fetchpriority=\"low\" loading=\"lazy\"\/>Contra el fascismo &#8211; Umberto Eco<\/p>\n<p class=\"article-body__paragraph\">Otro cl\u00e1sico del c\u00e9lebre pensador italiano. Publicado en 2018, pocos a\u00f1os antes de su muerte, es un ensayo donde aborda 14 puntos para poder reconocer a un r\u00e9gimen fascista. \u00bfPor qu\u00e9? Por la maleabilidad misma del t\u00e9rmino. \u201cEl t\u00e9rmino \u2018fascismo\u2019 se adapta a todo porque es posible eliminar de un r\u00e9gimen fascista uno o m\u00e1s aspectos, y siempre podremos reconocerlo como fascista. Qu\u00edtenle al fascismo el imperialismo y obtendr\u00e1n a Franco o Salazar; qu\u00edtenle el colonialismo y obtendr\u00e1n el fascismo balc\u00e1nico\u201d, comenta. Es un libro imprescindible.<\/p>\n<p><img alt=\"\" class=\"global-image\" decoding=\"async\"  src=\"https:\/\/www.europesays.com\/es\/wp-content\/uploads\/2025\/10\/QHNJVBBWMVEEBJN6DHX7NGTJTM.jpg\"  fetchpriority=\"low\" loading=\"lazy\"\/>Del fascismo al populismo en la historia &#8211; Federico Finchelstein<\/p>\n<p class=\"article-body__paragraph\">En este libro, el historiador argentino Federico Finchelstein hace un ejercicio de comparar dos t\u00e9rminos que se suelen considerar casi al un\u00edsono. Lo que se hace es analizarlos por separado y luego ver si son aplicables a l\u00edderes de la actualidad, como Hugo Ch\u00e1vez y Donald Trump. \u201cAhora que el populismo se ha apoderado de Estados Unidos, la historia global del fascismo y el populismo brinda lecciones clave que deber\u00edamos tener presente mientras entramos en una nueva era de populismo en Am\u00e9rica del Norte y otros lugares del mundo\u201d, se\u00f1ala.<\/p>\n<p><img alt=\"\" class=\"global-image\" decoding=\"async\"  src=\"https:\/\/www.europesays.com\/es\/wp-content\/uploads\/2025\/10\/QC3L33PCYZEBTDYJUEBI2ZRIJA.jpg\"  fetchpriority=\"low\" loading=\"lazy\"\/>Cuadernos de la c\u00e1rcel &#8211; Antonio Gramsci<\/p>\n<p class=\"article-body__paragraph\">\u00bfUn producto del fascismo? Este libro. En 1926, el c\u00e9lebre fil\u00f3sofo Antonio Gramsci fue encarcelado por el r\u00e9gimen de Mussolini, con la idea de que por 20 a\u00f1os \u201cese cerebro no piense\u201d. No solo no dej\u00f3 de pensar, sino que produjo tama\u00f1a cantidad de escritos que se publicaron en 1948, posterior a la muerte del autor y con el r\u00e9gimen fascista ya ca\u00eddo. Entre otras cosas, Gramsci reflexiona sobre los conceptos de hegemon\u00eda -la dominaci\u00f3n de una clase sobre otra- y un repaso al Risorgimento, el movimiento que logr\u00f3 la unificaci\u00f3n italiana del que Gramsci hace algunas cr\u00edticas.<\/p>\n<p><img alt=\"\" class=\"global-image\" decoding=\"async\"  src=\"https:\/\/www.europesays.com\/es\/wp-content\/uploads\/2025\/10\/3J2H3XJMT5AEZARO54ZO34EDCA.jpg\"  fetchpriority=\"low\" loading=\"lazy\"\/>Mussolini &#8211; Giovanni de Luna<\/p>\n<p class=\"article-body__paragraph\">Esta es una biograf\u00eda del l\u00edder fascista. Explora sus primeros a\u00f1os, desde su nacimiento en <a href=\"https:\/\/es.wikipedia.org\/wiki\/Predappio\" rel=\"nofollow noopener\" title=\"Predappio\" target=\"_blank\"><b>Predappio<\/b><\/a>, un humilde pueblo campesino en la <a href=\"https:\/\/es.wikipedia.org\/wiki\/Emilia-Roma%C3%B1a\" rel=\"nofollow noopener\" title=\"Emilia-Roma\u00f1a\" target=\"_blank\"><b>Emilia-Roma\u00f1a<\/b><\/a>, su juventud como militante socialista, su ascenso fulgurante como l\u00edder de los Fasci di combatimento, el partido fascista, su dictadura y luego su ca\u00edda.<\/p>\n<p><img alt=\"\" class=\"global-image\" decoding=\"async\"  src=\"https:\/\/www.europesays.com\/es\/wp-content\/uploads\/2025\/10\/3EN5K2DRAREPDO7WHKNPN72OHE.jpg\"  fetchpriority=\"low\" loading=\"lazy\"\/>M. El hijo del siglo &#8211; Antonio Scurati<\/p>\n<p class=\"article-body__paragraph\">El libro en el que se bas\u00f3 la serie de Mubi. Se trata de una visi\u00f3n novelada del l\u00edder y fundador del fascismo. Promovi\u00f3 la anti-pol\u00edtica, el anti-partido, y prometi\u00f3 que devolver\u00eda la grandeza nacional que tuvo bajo el imperio romano y lograr\u00eda la justicia social. El libro estuvo en el centro de una pol\u00e9mica en Italia al ser acusado de \u201ctrivializar\u201d al tirano, ya que \u00e9l mismo cuenta su historia y de alguna manera se mete en la fibra del personaje. Lo muestra como un orador con labia que logr\u00f3 aglutinar el descontento y movilizar a un grupo de exsoldados cesantes de la Primera Guerra Mundial, los Fasci di combatimento, su grupo de choque. Ah\u00ed comenz\u00f3 todo.<\/p>\n<p><img alt=\"\" class=\"global-image\" decoding=\"async\"  src=\"https:\/\/www.europesays.com\/es\/wp-content\/uploads\/2025\/10\/6FEWWAW5OJDOXJ4GLIXQQ4LJMA.jpg\"  fetchpriority=\"low\" loading=\"lazy\"\/>Creer, Obedecer, Combatir Hasta El Fin Del Mundo. El Fascismo Italiano En Chile (1922-1950) &#8211; Raffaelle Nocera y Angelo Trento<\/p>\n<p class=\"article-body__paragraph\">\u00bfY qu\u00e9 pas\u00f3 en Chile? Por supuesto, el fascismo encontr\u00f3 ecos. Hubo sobre todo generales y personajes p\u00fablicos que no escondieron su entusiasmo por la ideolog\u00eda. Este libro explora c\u00f3mo vivi\u00f3 el fen\u00f3meno la peque\u00f1a comunidad italiana residente en el pa\u00eds y se basa en cuatro aspectos: la prensa en lengua italiana como \u00f3rgano de propaganda y apoyo a la pol\u00edtica exterior del r\u00e9gimen de Roma; la evaluaci\u00f3n que del fascismo dieron los representantes diplom\u00e1ticos chilenos en Italia y la que el personal diplom\u00e1tico italiano en Chile dio de la pol\u00edtica local; el entrelazamiento entre el flujo de italianos en Chile y la obra de \u201cfascistizaci\u00f3n\u201d de la comunidad emigrante; y la superaci\u00f3n de la temporada fascista en la segunda mitad de la d\u00e9cada de 1940 entre los \u00edtalo-chilenos. <\/p>\n<p><img alt=\"\" class=\"global-image\" decoding=\"async\"  src=\"https:\/\/www.europesays.com\/es\/wp-content\/uploads\/2025\/10\/AFFO65Z455G7DEUW6EL43G4VZU.jpg\"  fetchpriority=\"low\" loading=\"lazy\"\/>Fascismo. Historia e interpretaci\u00f3n &#8211; Emilio Gentile<\/p>\n<p class=\"article-body__paragraph\">En este volumen, Gentile se sumerge en una dimensi\u00f3n dentro de la ciencia pol\u00edtica para definir el concepto. Delimita el fascismo como nacionalista y revolucionario, antiliberal y antimarxista, imperialista y racista, y a partir de ah\u00ed da con una concepci\u00f3n gen\u00e9rica. \u201cEl autor considera el fascismo \u2018el camino italiano al totalitarismo\u2019. Y entiende por \u2018totalitarismo\u2019&#8230;no s\u00f3lo una nueva forma de r\u00e9gimen pol\u00edtico surgido por primera vez tras la Gran Guerra, sino tambi\u00e9n un complejo proceso ideol\u00f3gico, cultural, organizativo e institucional que tuvo en el fascismo italiano una de sus primeras y originales manifestaciones\u201d, comenta.<\/p>\n<p><img alt=\"\" class=\"global-image\" decoding=\"async\"  src=\"https:\/\/www.europesays.com\/es\/wp-content\/uploads\/2025\/10\/V3YL2H4WOFACHCOGRY2VQHBNBQ.jpg\"  fetchpriority=\"low\" loading=\"lazy\"\/>C\u00f3mo funciona el fascismo &#8211; Jason Stanley<\/p>\n<p class=\"article-body__paragraph\">Este volumen indaga en la mec\u00e1nica que usan los movimientos de caracter\u00edsticas fascistas para alcanzar el poder, aglutinar el descontento y forjar un tipo de Estado totalitario en que controla la narrativa y la vida de los ciudadanos. Del pasado m\u00edtico a la propaganda, pasando por la sexualidad, la jerarqu\u00eda o el victimismo del ellos contra nosotros. Advierte que es un peligro que sigue latente hasta hoy. \u201cEl fascismo no es solo cosa del pasado, sino que se ha infiltrado en el presente para, si no tomamos consciencia, marcar la agenda del futuro. De un futuro muy negro\u201d, dice el autor.<\/p>\n<p><img alt=\"\" class=\"global-image\" decoding=\"async\"  src=\"https:\/\/www.europesays.com\/es\/wp-content\/uploads\/2025\/10\/ASTS4MFG7ZEVTD6MXB3KSFDZZ4.jpg\"  fetchpriority=\"low\" loading=\"lazy\"\/><\/p>\n","protected":false},"excerpt":{"rendered":"El fascismo &#8211; Stanley G. Payne Este libro es un cl\u00e1sico. El historiador estadounidense public\u00f3 este volumen en&hellip;\n","protected":false},"author":2,"featured_media":150927,"comment_status":"","ping_status":"","sticky":false,"template":"","format":"standard","meta":{"footnotes":""},"categories":[172],"tags":[45803,224,146,147,25,24,25698,448,225,4161,45804,23],"class_list":{"0":"post-150926","1":"post","2":"type-post","3":"status-publish","4":"format-standard","5":"has-post-thumbnail","7":"category-libros","8":"tag-benito-mussolini","9":"tag-books","10":"tag-entertainment","11":"tag-entretenimiento","12":"tag-es","13":"tag-espana","14":"tag-fascismo","15":"tag-historia","16":"tag-libros","17":"tag-libros-culto","18":"tag-mubi","19":"tag-spain"},"share_on_mastodon":{"url":"","error":""},"_links":{"self":[{"href":"https:\/\/www.europesays.com\/es\/wp-json\/wp\/v2\/posts\/150926","targetHints":{"allow":["GET"]}}],"collection":[{"href":"https:\/\/www.europesays.com\/es\/wp-json\/wp\/v2\/posts"}],"about":[{"href":"https:\/\/www.europesays.com\/es\/wp-json\/wp\/v2\/types\/post"}],"author":[{"embeddable":true,"href":"https:\/\/www.europesays.com\/es\/wp-json\/wp\/v2\/users\/2"}],"replies":[{"embeddable":true,"href":"https:\/\/www.europesays.com\/es\/wp-json\/wp\/v2\/comments?post=150926"}],"version-history":[{"count":0,"href":"https:\/\/www.europesays.com\/es\/wp-json\/wp\/v2\/posts\/150926\/revisions"}],"wp:featuredmedia":[{"embeddable":true,"href":"https:\/\/www.europesays.com\/es\/wp-json\/wp\/v2\/media\/150927"}],"wp:attachment":[{"href":"https:\/\/www.europesays.com\/es\/wp-json\/wp\/v2\/media?parent=150926"}],"wp:term":[{"taxonomy":"category","embeddable":true,"href":"https:\/\/www.europesays.com\/es\/wp-json\/wp\/v2\/categories?post=150926"},{"taxonomy":"post_tag","embeddable":true,"href":"https:\/\/www.europesays.com\/es\/wp-json\/wp\/v2\/tags?post=150926"}],"curies":[{"name":"wp","href":"https:\/\/api.w.org\/{rel}","templated":true}]}}