{"id":150942,"date":"2025-10-01T16:20:13","date_gmt":"2025-10-01T16:20:13","guid":{"rendered":"https:\/\/www.europesays.com\/es\/150942\/"},"modified":"2025-10-01T16:20:13","modified_gmt":"2025-10-01T16:20:13","slug":"localizan-con-vida-a-layonel-ramirez","status":"publish","type":"post","link":"https:\/\/www.europesays.com\/es\/150942\/","title":{"rendered":"Localizan con vida a Layonel Ram\u00edrez"},"content":{"rendered":"<p><a class=\"v-mdl-ath__fig-a\" href=\"https:\/\/www.canarias7.es\/autor\/canarias7-6545.html\" title=\"CANARIAS7\" rel=\"nofollow noopener\" target=\"_blank\"><br \/>\n<img decoding=\"async\" class=\"v-mdl-ath__img\" src=\"https:\/\/s2.ppllstatics.com\/comun\/img\/2014\/autor\/autor-6545-foto-1.png\" alt=\"CANARIAS7\"\/><br \/>\n<\/a><\/p>\n<p class=\"v-mdl-ath__p v-mdl-ath__p--6\">\nMi\u00e9rcoles, 1 de octubre 2025, 12:40<\/p>\n<p>| Actualizado 15:25h.<\/p>\n<p class=\"v-p\">El avi\u00f3n de Salvamento Mar\u00edtimo Sasemar 103 ha localizado con vida<strong> a 15 millas al sur de Arguinegu\u00edn<\/strong> al joven Layonel Ram\u00edrez Collado, desaparecido este lunes por la tarde despu\u00e9s de que cayera al mar cuando intentaba recuperar una moto n\u00e1utica a la deriva frente al Castillo del Romeral.<\/p>\n<p class=\"v-p\">Seg\u00fan han confirmado a este peri\u00f3dico, el joven se manten\u00eda a flote sobre la quilla de la moto acu\u00e1tica volcada <strong>desde la que hizo se\u00f1as al avi\u00f3n<\/strong>. Activados los avisos de emergencia, hasta la zona se desplaz\u00f3 un helic\u00f3ptero Helimer y la Guardamar Urania para el rescate, que ya lo traslada al muelle de Arguinegu\u00edn.<\/p>\n<p>As\u00ed fue el rescate<\/p>\n<p class=\"v-p\">Salvamento Mar\u00edtimo con la direcci\u00f3n de la Capitan\u00eda Mar\u00edtima de Las Palmas rescataron a Layonel en las proximidades de la Central t\u00e9rmica de Juan Grande, lugar donde hab\u00eda desaparecido junto a su moto n\u00e1utica. Sobre las 11:30 horas de este mi\u00e9rcoles, el avi\u00f3n sasemar 103 localizaba al joven a 15 millas al Suroeste de Arguinegu\u00edn.<\/p>\n<p class=\"v-p\">Ram\u00edrez realiz\u00f3 se\u00f1ales de auxilio, lo que activ\u00f3 la respuesta del Centro de Coordinaci\u00f3n de Las Palmas. De inmediato, se moviliz\u00f3 a la tripulaci\u00f3n de la Guardamar Urania y al helic\u00f3ptero Helimer 215, que se dirigieron a la zona. A las 12:38 horas, la Guardamar Urania procedi\u00f3 al rescate del desaparecido, quien se encontraba en aparente buen estado de salud, aunque presentaba algunas molestias en el pecho debido a haber permanecido acostada sobre el casco de la moto acu\u00e1tica. <\/p>\n<p class=\"v-p\">Posteriormente, se dirigieron hacia el puerto de Arguinegu\u00edn, donde llegaron sobre las 13:20 horas. Una ambulancia recibi\u00f3 a Layonel y la traslad\u00f3 al hospital.<\/p>\n<p><a class=\"v-a-link\" href=\"https:\/\/www.canarias7.es\/sucesos\/familiares-layonel-ramirez-20251001145718-ga.html\" data-voc-vtm-id=\"in-text-traffic\" title=\"\" aria-label=\"Imagen\" rel=\"nofollow noopener\" target=\"_blank\"><br \/>\n<img decoding=\"async\" loading=\"lazy\" src=\"https:\/\/www.europesays.com\/es\/wp-content\/uploads\/2025\/10\/layonel2.jpg\" class=\"v-a-img\" width=\"650\" height=\"455\" alt=\"\" data-voc-vtm-id=\"in-text-traffic\"\/><\/p>\n<p><\/a><\/p>\n<p>Comenta<\/p>\n<p>Reporta un error<\/p>\n","protected":false},"excerpt":{"rendered":"Mi\u00e9rcoles, 1 de octubre 2025, 12:40 | Actualizado 15:25h. El avi\u00f3n de Salvamento Mar\u00edtimo Sasemar 103 ha localizado&hellip;\n","protected":false},"author":2,"featured_media":150943,"comment_status":"","ping_status":"","sticky":false,"template":"","format":"standard","meta":{"footnotes":""},"categories":[8],"tags":[17,18,25,24,13,14,11,19,20,45791,17598,9,10,15,16,4794,23,12,21,22],"class_list":{"0":"post-150942","1":"post","2":"type-post","3":"status-publish","4":"format-standard","5":"has-post-thumbnail","7":"category-espana","8":"tag-breaking-news","9":"tag-breakingnews","10":"tag-es","11":"tag-espana","12":"tag-featured-news","13":"tag-featurednews","14":"tag-headlines","15":"tag-latest-news","16":"tag-latestnews","17":"tag-layonel","18":"tag-localizan","19":"tag-news","20":"tag-noticias","21":"tag-noticias-destacadas","22":"tag-noticiasdestacadas","23":"tag-ramirez","24":"tag-spain","25":"tag-titulares","26":"tag-ultimas-noticias","27":"tag-ultimasnoticias"},"share_on_mastodon":{"url":"","error":""},"_links":{"self":[{"href":"https:\/\/www.europesays.com\/es\/wp-json\/wp\/v2\/posts\/150942","targetHints":{"allow":["GET"]}}],"collection":[{"href":"https:\/\/www.europesays.com\/es\/wp-json\/wp\/v2\/posts"}],"about":[{"href":"https:\/\/www.europesays.com\/es\/wp-json\/wp\/v2\/types\/post"}],"author":[{"embeddable":true,"href":"https:\/\/www.europesays.com\/es\/wp-json\/wp\/v2\/users\/2"}],"replies":[{"embeddable":true,"href":"https:\/\/www.europesays.com\/es\/wp-json\/wp\/v2\/comments?post=150942"}],"version-history":[{"count":0,"href":"https:\/\/www.europesays.com\/es\/wp-json\/wp\/v2\/posts\/150942\/revisions"}],"wp:featuredmedia":[{"embeddable":true,"href":"https:\/\/www.europesays.com\/es\/wp-json\/wp\/v2\/media\/150943"}],"wp:attachment":[{"href":"https:\/\/www.europesays.com\/es\/wp-json\/wp\/v2\/media?parent=150942"}],"wp:term":[{"taxonomy":"category","embeddable":true,"href":"https:\/\/www.europesays.com\/es\/wp-json\/wp\/v2\/categories?post=150942"},{"taxonomy":"post_tag","embeddable":true,"href":"https:\/\/www.europesays.com\/es\/wp-json\/wp\/v2\/tags?post=150942"}],"curies":[{"name":"wp","href":"https:\/\/api.w.org\/{rel}","templated":true}]}}