{"id":150944,"date":"2025-10-01T16:21:07","date_gmt":"2025-10-01T16:21:07","guid":{"rendered":"https:\/\/www.europesays.com\/es\/150944\/"},"modified":"2025-10-01T16:21:07","modified_gmt":"2025-10-01T16:21:07","slug":"la-abogacia-de-valencia-se-forma-para-combatir-los-delitos-de-odio-y-proteger-a-las-victimas-ilustre-colegio-de-abogados-de-valencia","status":"publish","type":"post","link":"https:\/\/www.europesays.com\/es\/150944\/","title":{"rendered":"La abogac\u00eda de Valencia se forma para combatir los delitos de odio y proteger a las v\u00edctimas &#8211; Ilustre Colegio de Abogados de Valencia"},"content":{"rendered":"<p>          01 octubre 2025<\/p>\n<p dir=\"ltr\">Esta tarde, el <strong>Colegio de Abogados de Valencia<\/strong> ha celebrado la jornada formativa <strong>\u201cActuaci\u00f3n letrada frente a los Delitos de Odio y Discriminaci\u00f3n\u201d<\/strong>, organizada dentro del <strong>Aula de Derechos Humanos<\/strong>. Un proyecto de formaci\u00f3n impulsado por la <strong>Fundaci\u00f3n Abogac\u00eda Espa\u00f1ola<\/strong>.<\/p>\n<p dir=\"ltr\">Desde 2014, el <strong>Aula de DDHH<\/strong> colabora con los <strong>83 Colegios de la Abogac\u00eda de Espa\u00f1a<\/strong> para incorporar el enfoque de derechos humanos en la pr\u00e1ctica profesional. El objetivo que se persigue es fortalecer el papel de la abogac\u00eda libre, independiente y comprometida en la defensa de los derechos y en garantizar el acceso a la justicia para todas las personas.<\/p>\n<p dir=\"ltr\">La jornada ha estado destinada a proporcionar a los profesionales del derecho<strong> herramientas tanto te\u00f3ricas como pr\u00e1cticas para intervenir frente a los delitos de odio y discriminaci\u00f3n<\/strong> y ofrecer una atenci\u00f3n adecuada a las v\u00edctimas.<\/p>\n<p dir=\"ltr\">La presentaci\u00f3n de la jornada ha sido a cargo de <strong>Raquel Marco<\/strong>, <strong>secretaria de la Junta de Gobierno del ICAV<\/strong><strong>.<\/strong> Posteriormente, tanto la <strong>f<\/strong><strong>iscal delegada de la Secci\u00f3n de Delitos de Odio de Valencia<\/strong>, <strong>Susana Gisbert<\/strong>, como la <strong>abogada especializada en delitos de odio<\/strong>, <strong>Charo Alises<\/strong> han abordado diferentes aspectos relacionados con los delitos de odio y la discriminaci\u00f3n, han explicado las herramientas te\u00f3ricas y pr\u00e1cticas para su actuaci\u00f3n profesional y la protecci\u00f3n de las v\u00edctimas.<\/p>\n<p dir=\"ltr\">La jornada ha concluido con un turno de preguntas, en el que los asistentes han podido resolver dudas y profundizar en los casos pr\u00e1cticos planteados por las expertas.<\/p>\n<p dir=\"ltr\">Entre los objetivos del curso se encontraban:\u00a0 conocer los conceptos y <strong>tipos de delitos<\/strong> y discursos de odio, dotar a los profesionales de herramientas pr\u00e1cticas para actuar frente a estos delitos y atender a las v\u00edctimas, y facilitar el estudio y comprensi\u00f3n de la jurisprudencia nacional e internacional sobre los delitos de odio.<\/p>\n<p>El programa tambi\u00e9n ha abordado aspectos como la identificaci\u00f3n de cr\u00edmenes de odio, la <strong>normativa aplicable<\/strong>, la jurisprudencia relevante, el <strong>rol de la abogac\u00eda<\/strong><strong> en la defensa de las v\u00edctimas<\/strong>, la gesti\u00f3n de pruebas y las medidas para evitar la victimizaci\u00f3n secundaria.<\/p>\n<p>\u00a0<\/p>\n<p>\u00a0<\/p>\n","protected":false},"excerpt":{"rendered":"01 octubre 2025 Esta tarde, el Colegio de Abogados de Valencia ha celebrado la jornada formativa \u201cActuaci\u00f3n letrada&hellip;\n","protected":false},"author":2,"featured_media":150945,"comment_status":"","ping_status":"","sticky":false,"template":"","format":"standard","meta":{"footnotes":""},"categories":[5],"tags":[17,18,25,24,13,14,11,19,20,9,10,15,16,23,12,21,22],"class_list":{"0":"post-150944","1":"post","2":"type-post","3":"status-publish","4":"format-standard","5":"has-post-thumbnail","7":"category-titulares","8":"tag-breaking-news","9":"tag-breakingnews","10":"tag-es","11":"tag-espana","12":"tag-featured-news","13":"tag-featurednews","14":"tag-headlines","15":"tag-latest-news","16":"tag-latestnews","17":"tag-news","18":"tag-noticias","19":"tag-noticias-destacadas","20":"tag-noticiasdestacadas","21":"tag-spain","22":"tag-titulares","23":"tag-ultimas-noticias","24":"tag-ultimasnoticias"},"share_on_mastodon":{"url":"","error":""},"_links":{"self":[{"href":"https:\/\/www.europesays.com\/es\/wp-json\/wp\/v2\/posts\/150944","targetHints":{"allow":["GET"]}}],"collection":[{"href":"https:\/\/www.europesays.com\/es\/wp-json\/wp\/v2\/posts"}],"about":[{"href":"https:\/\/www.europesays.com\/es\/wp-json\/wp\/v2\/types\/post"}],"author":[{"embeddable":true,"href":"https:\/\/www.europesays.com\/es\/wp-json\/wp\/v2\/users\/2"}],"replies":[{"embeddable":true,"href":"https:\/\/www.europesays.com\/es\/wp-json\/wp\/v2\/comments?post=150944"}],"version-history":[{"count":0,"href":"https:\/\/www.europesays.com\/es\/wp-json\/wp\/v2\/posts\/150944\/revisions"}],"wp:featuredmedia":[{"embeddable":true,"href":"https:\/\/www.europesays.com\/es\/wp-json\/wp\/v2\/media\/150945"}],"wp:attachment":[{"href":"https:\/\/www.europesays.com\/es\/wp-json\/wp\/v2\/media?parent=150944"}],"wp:term":[{"taxonomy":"category","embeddable":true,"href":"https:\/\/www.europesays.com\/es\/wp-json\/wp\/v2\/categories?post=150944"},{"taxonomy":"post_tag","embeddable":true,"href":"https:\/\/www.europesays.com\/es\/wp-json\/wp\/v2\/tags?post=150944"}],"curies":[{"name":"wp","href":"https:\/\/api.w.org\/{rel}","templated":true}]}}