{"id":150946,"date":"2025-10-01T16:22:15","date_gmt":"2025-10-01T16:22:15","guid":{"rendered":"https:\/\/www.europesays.com\/es\/150946\/"},"modified":"2025-10-01T16:22:15","modified_gmt":"2025-10-01T16:22:15","slug":"el-bm-dolmenes-antequera-invitara-a-todos-los-jubilados-al-partido-de-este-domingo-frente-a-herencia","status":"publish","type":"post","link":"https:\/\/www.europesays.com\/es\/150946\/","title":{"rendered":"El BM D\u00f3lmenes Antequera invitar\u00e1 a todos los jubilados al partido de este domingo frente a Herencia"},"content":{"rendered":"<p>&#13;<br \/>\n        &#13;<br \/>\n&#13;<br \/>\n        &#13;<\/p>\n<p style=\"text-align: justify\">Con motivo del D\u00eda Mundial de las Personas Mayores, que se celebra este mi\u00e9rcoles 1 de octubre, el Club Balonmano Los D\u00f3lmenes Antequera ha lanzado una invitaci\u00f3n a todos los jubilados para que asistan de forma gratuita junto a un acompa\u00f1ante al pr\u00f3ximo partido que disputa el equipo el domingo 5 de octubre a las 12 horas en el Pabell\u00f3n Fernando Arg\u00fcelles.<\/p>\n<p style=\"text-align: justify\">El equipo antequerano afrontar\u00e1 la jornada 4 de la Primera Divisi\u00f3n Nacional (Grupo F), en el que medir\u00e1 fuerzas ante el Balonmano Herencia. Una ocasi\u00f3n inmejorable para que nuestros mayores puedan disfrutar de un evento deportivo y del gran ambiente que se vive en las gradas sin coste alguno.<\/p>\n<p style=\"text-align: justify\">El club antequerano sigue trabajando en llevar el Balonmano a todos los estratos de la sociedad y que cada vez m\u00e1s gente llene las gradas del Arg\u00fcelles en cada partido.<\/p>\n<p>\nPUBLICIDAD&#13;\n<\/p>\n<p>        &#13;<br \/>\n&#13;<br \/>\n        &#13;<br \/>\n                        &#13;<br \/>\n            &#13;<br \/>\n&#13;<br \/>\n                        Art\u00edculo anterior<a href=\"https:\/\/las4esquinas.com\/casabermeja-inaugura-su-nuevo-gimnasio-municipal\/\" rel=\"nofollow noopener\" target=\"_blank\">Casabermeja inaugura su nuevo gimnasio municipal<\/a>Art\u00edculo siguiente<a href=\"https:\/\/las4esquinas.com\/villanueva-del-trabuco-acomete-la-limpieza-del-arroyo-del-chavo-para-evitar-inundaciones\/\" rel=\"nofollow noopener\" target=\"_blank\">Villanueva del Trabuco acomete la limpieza del Arroyo del Chavo para evitar inundaciones<\/a>                                &#13;<br \/>\n&#13;<\/p>\n","protected":false},"excerpt":{"rendered":"&#13; &#13; &#13; &#13; Con motivo del D\u00eda Mundial de las Personas Mayores, que se celebra este mi\u00e9rcoles&hellip;\n","protected":false},"author":2,"featured_media":150947,"comment_status":"","ping_status":"","sticky":false,"template":"","format":"standard","meta":{"footnotes":""},"categories":[278],"tags":[376,168,25,24,375,23,167],"class_list":{"0":"post-150946","1":"post","2":"type-post","3":"status-publish","4":"format-standard","5":"has-post-thumbnail","7":"category-balonmano","8":"tag-balonmano","9":"tag-deportes","10":"tag-es","11":"tag-espana","12":"tag-handball","13":"tag-spain","14":"tag-sports"},"share_on_mastodon":{"url":"","error":""},"_links":{"self":[{"href":"https:\/\/www.europesays.com\/es\/wp-json\/wp\/v2\/posts\/150946","targetHints":{"allow":["GET"]}}],"collection":[{"href":"https:\/\/www.europesays.com\/es\/wp-json\/wp\/v2\/posts"}],"about":[{"href":"https:\/\/www.europesays.com\/es\/wp-json\/wp\/v2\/types\/post"}],"author":[{"embeddable":true,"href":"https:\/\/www.europesays.com\/es\/wp-json\/wp\/v2\/users\/2"}],"replies":[{"embeddable":true,"href":"https:\/\/www.europesays.com\/es\/wp-json\/wp\/v2\/comments?post=150946"}],"version-history":[{"count":0,"href":"https:\/\/www.europesays.com\/es\/wp-json\/wp\/v2\/posts\/150946\/revisions"}],"wp:featuredmedia":[{"embeddable":true,"href":"https:\/\/www.europesays.com\/es\/wp-json\/wp\/v2\/media\/150947"}],"wp:attachment":[{"href":"https:\/\/www.europesays.com\/es\/wp-json\/wp\/v2\/media?parent=150946"}],"wp:term":[{"taxonomy":"category","embeddable":true,"href":"https:\/\/www.europesays.com\/es\/wp-json\/wp\/v2\/categories?post=150946"},{"taxonomy":"post_tag","embeddable":true,"href":"https:\/\/www.europesays.com\/es\/wp-json\/wp\/v2\/tags?post=150946"}],"curies":[{"name":"wp","href":"https:\/\/api.w.org\/{rel}","templated":true}]}}