{"id":150966,"date":"2025-10-01T16:34:12","date_gmt":"2025-10-01T16:34:12","guid":{"rendered":"https:\/\/www.europesays.com\/es\/150966\/"},"modified":"2025-10-01T16:34:12","modified_gmt":"2025-10-01T16:34:12","slug":"rtve-recupera-tambien-la-piramide-y-la-reubica-en-las-sobremesas-de-la-2-haciendo-dupla-con-saber-y-ganar","status":"publish","type":"post","link":"https:\/\/www.europesays.com\/es\/150966\/","title":{"rendered":"RTVE recupera tambi\u00e9n &#8216;La Pir\u00e1mide&#8217; y la reubica en las sobremesas de La 2 haciendo dupla con &#8216;Saber y ganar&#8217;"},"content":{"rendered":"<p class=\"article-text\">\n        <strong>RTVE <\/strong>sigue completando la parrilla de<strong> La 2<\/strong> con formatos que no han cuajado en<strong> La 1<\/strong>. Tras anunciar el &#8216;rescate&#8217; de <a href=\"https:\/\/www.eldiario.es\/vertele\/noticias\/rtve-rescata-garita-la-2-sustituto-revuelta_1_12635265.html\" target=\"_blank\" data-mrf-recirculation=\"links-noticia\" class=\"link\" rel=\"nofollow noopener\"><strong>La Garita<\/strong><\/a> para el pr\u00f3ximo s\u00e1bado, la Corporaci\u00f3n recupera ahora <strong>La Pir\u00e1mide<\/strong> para ser telonera de otro concurso como<strong> Saber y ganar<\/strong>.\n    <\/p>\n<p>    <a href=\"https:\/\/www.eldiario.es\/vertele\/noticias\/piramide-desaparece-2-reposiciones-queda-emision-rtve_1_12545416.html\" data-mrf-recirculation=\"saber-mas\" data-dl-event=\"saber-mas\" rel=\"nofollow noopener\" target=\"_blank\"><\/p>\n<p class=\"know-more__title\">&#8216;La Pir\u00e1mide&#8217; tambi\u00e9n desaparece de La 2 con sus reposiciones y se queda sin ninguna emisi\u00f3n en RTVE<\/p>\n<p>            <img decoding=\"async\" class=\"lazy\" loading=\"lazy\" data-src=\"https:\/\/static.eldiario.es\/clip\/77e775c8-8f1e-49cd-92a2-f5064265ad0d_16-9-aspect-ratio_default_0.jpg\" src=\"data:image\/svg+xml,%3Csvg xmlns=\" http:=\"\" viewbox=\"0 0 880 495\" alt=\"'La Pir\u00e1mide' tambi\u00e9n desaparece de La 2 con sus reposiciones y se queda sin ninguna emisi\u00f3n en RTVE\"\/><\/p>\n<p>                        <\/a><\/p>\n<p class=\"article-text\">\n        El programa presentado por<strong> Itziar Miranda<\/strong> fue una de las apuestas de la p\u00fablica para verano, con la intenci\u00f3n de que se asentase en la tarde de cara al nuevo curso televisivo. Sin embargo, el concurso no cuaj\u00f3 en audiencias, fue retirado de La 1 pocas semanas despu\u00e9s y <strong>vuelve ahora en un nuevo canal<\/strong> con las entregas que se quedaron en el caj\u00f3n.\n    <\/p>\n<p class=\"article-text\">\n        As\u00ed lo refleja la parrilla de <strong>La 2 de RTVE<\/strong>, que ya emite de lunes a viernes La Pir\u00e1mide<strong> de 13:50 a 14:45 horas<\/strong>, justo antes de Saber y ganar. De este modo, se da salida a l<strong>a veintena de entregas <\/strong>que quedaron por emitir en su momento, en una franja similar a la que ya ocup\u00f3 en el mismo canal con reposiciones en agosto.\n    <\/p>\n<p>    <a href=\"https:\/\/www.eldiario.es\/vertele\/audiencias-tv\/septiembre-2025-antena-3-lidera-septiembre-la-1-crece-ritmo-record-telecinco-vive-peor-inicio-curso-pese-supervivientes_1_12641207.html\" data-mrf-recirculation=\"saber-mas-abajo\" data-dl-event=\"saber-mas-abajo\" rel=\"nofollow noopener\" target=\"_blank\"><\/p>\n<p class=\"know-more__title\">Antena 3 lidera septiembre, La 1 crece a ritmo de r\u00e9cord y Telecinco vive su peor inicio de curso pese a &#8216;Supervivientes&#8217;\n<\/p>\n<p>            <img decoding=\"async\" class=\"lazy\" loading=\"lazy\" data-src=\"https:\/\/static.eldiario.es\/clip\/7cb1f8cc-bc8c-4364-8ef7-e6dd83813be9_16-9-aspect-ratio_default_0.jpg\" src=\"data:image\/svg+xml,%3Csvg xmlns=\" http:=\"\" viewbox=\"0 0 880 495\" alt=\"Antena 3 lidera septiembre, La 1 crece a ritmo de r\u00e9cord y Telecinco vive su peor inicio de curso pese a 'Supervivientes'\"\/><\/p>\n<p>                        <\/a><\/p>\n<p class=\"article-text\">\n        El concurso producido por Globomedia, basado en un formato de \u00e9xito internacional, promedi\u00f3 un <strong>5.6% de cuota y 376.000 espectadores<\/strong> en las 16 entregas que lleg\u00f3 a emitir en La 1. En su vuelta a La 2 este 30 de septiembre registr\u00f3 un <strong>1.2% y 76.000 <\/strong>seguidores en la sobremesa.\n    <\/p>\n","protected":false},"excerpt":{"rendered":"RTVE sigue completando la parrilla de La 2 con formatos que no han cuajado en La 1. Tras&hellip;\n","protected":false},"author":2,"featured_media":150967,"comment_status":"","ping_status":"","sticky":false,"template":"","format":"standard","meta":{"footnotes":""},"categories":[171],"tags":[10903,45808,146,147,25,24,2000,4133,4289,6833,45806,518,45807,23,214],"class_list":{"0":"post-150966","1":"post","2":"type-post","3":"status-publish","4":"format-standard","5":"has-post-thumbnail","7":"category-tv","8":"tag-10903","9":"tag-dupla","10":"tag-entertainment","11":"tag-entretenimiento","12":"tag-es","13":"tag-espana","14":"tag-ganar","15":"tag-haciendo","16":"tag-piramide","17":"tag-recupera","18":"tag-reubica","19":"tag-rtve","20":"tag-sobremesas","21":"tag-spain","22":"tag-tv"},"share_on_mastodon":{"url":"","error":""},"_links":{"self":[{"href":"https:\/\/www.europesays.com\/es\/wp-json\/wp\/v2\/posts\/150966","targetHints":{"allow":["GET"]}}],"collection":[{"href":"https:\/\/www.europesays.com\/es\/wp-json\/wp\/v2\/posts"}],"about":[{"href":"https:\/\/www.europesays.com\/es\/wp-json\/wp\/v2\/types\/post"}],"author":[{"embeddable":true,"href":"https:\/\/www.europesays.com\/es\/wp-json\/wp\/v2\/users\/2"}],"replies":[{"embeddable":true,"href":"https:\/\/www.europesays.com\/es\/wp-json\/wp\/v2\/comments?post=150966"}],"version-history":[{"count":0,"href":"https:\/\/www.europesays.com\/es\/wp-json\/wp\/v2\/posts\/150966\/revisions"}],"wp:featuredmedia":[{"embeddable":true,"href":"https:\/\/www.europesays.com\/es\/wp-json\/wp\/v2\/media\/150967"}],"wp:attachment":[{"href":"https:\/\/www.europesays.com\/es\/wp-json\/wp\/v2\/media?parent=150966"}],"wp:term":[{"taxonomy":"category","embeddable":true,"href":"https:\/\/www.europesays.com\/es\/wp-json\/wp\/v2\/categories?post=150966"},{"taxonomy":"post_tag","embeddable":true,"href":"https:\/\/www.europesays.com\/es\/wp-json\/wp\/v2\/tags?post=150966"}],"curies":[{"name":"wp","href":"https:\/\/api.w.org\/{rel}","templated":true}]}}